
{"id":8765,"date":"2025-01-15T14:51:10","date_gmt":"2025-01-15T14:51:10","guid":{"rendered":"https:\/\/www.aguram.org\/aguram\/?p=8765"},"modified":"2025-01-15T14:52:58","modified_gmt":"2025-01-15T14:52:58","slug":"mobilite-des-seniors-a-thionville-laguram-accompagne-le-conseil-des-sages","status":"publish","type":"post","link":"https:\/\/www.aguram.org\/aguram\/mobilite-des-seniors-a-thionville-laguram-accompagne-le-conseil-des-sages\/","title":{"rendered":"Mobilit\u00e9 des seniors \u00e0 Thionville \/ L&rsquo;AGURAM ACCOMPAGNE LE CONSEIL DES SAGES"},"content":{"rendered":"\n<p><strong>La <mark style=\"background-color:rgba(0, 0, 0, 0)\" class=\"has-inline-color has-luminous-vivid-orange-color\">mobilit\u00e9 des personnes \u00e2g\u00e9es en centre-ville <\/mark>est un facteur d\u00e9terminant pour leur autonomie et essentiel \u00e0 leur qualit\u00e9 de vie. Pouvoir se d\u00e9placer ais\u00e9ment leur permet de rester actives et socialement connect\u00e9es, de participer \u00e0 la vie de la cit\u00e9 et d&rsquo;acc\u00e9der aux services essentiels. Cependant, de nombreux obstacles limitent la mobilit\u00e9 des seniors en centre-ville et ont des cons\u00e9quences lourdes comme l&rsquo;isolement et l&rsquo;exclusion sociale. <mark style=\"background-color:rgba(0, 0, 0, 0)\" class=\"has-inline-color has-luminous-vivid-orange-color\">L&rsquo;AGURAM a r\u00e9alis\u00e9 un portrait<\/mark> de la mobilit\u00e9 des seniors en centre-ville, qui explicite les diff\u00e9rents enjeux et propose des solutions concr\u00e8tes pouvant \u00eatre mises en \u0153uvre pour am\u00e9liorer leur situation. Ce document est port\u00e9 par le <a href=\"https:\/\/www.thionville.fr\/ma-ville\/services-municipaux\/participer\/conseil-des-sages\" target=\"_blank\" rel=\"noreferrer noopener\">Conseil des Sages de Thionville<\/a>.<\/strong><\/p>\n\n\n\n<!--more-->\n\n\n<div class=\"wp-block-image\">\n<figure data-wp-context=\"{&quot;imageId&quot;:&quot;69f5ded5998be&quot;}\" data-wp-interactive=\"core\/image\" class=\"aligncenter size-full is-resized wp-lightbox-container\"><img loading=\"lazy\" decoding=\"async\" width=\"674\" height=\"335\" data-wp-class--hide=\"state.isContentHidden\" data-wp-class--show=\"state.isContentVisible\" data-wp-init=\"callbacks.setButtonStyles\" data-wp-on-async--click=\"actions.showLightbox\" data-wp-on-async--load=\"callbacks.setButtonStyles\" data-wp-on-async-window--resize=\"callbacks.setButtonStyles\" src=\"https:\/\/www.aguram.org\/wp-content\/uploads\/2025\/01\/CDS4.png\" alt=\"\" class=\"wp-image-8766\" style=\"width:487px;height:auto\" srcset=\"https:\/\/www.aguram.org\/wp-content\/uploads\/2025\/01\/CDS4.png 674w, https:\/\/www.aguram.org\/wp-content\/uploads\/2025\/01\/CDS4-300x149.png 300w\" sizes=\"auto, (max-width: 674px) 100vw, 674px\" \/><button\n\t\t\tclass=\"lightbox-trigger\"\n\t\t\ttype=\"button\"\n\t\t\taria-haspopup=\"dialog\"\n\t\t\taria-label=\"Agrandir l\u2018image\"\n\t\t\tdata-wp-init=\"callbacks.initTriggerButton\"\n\t\t\tdata-wp-on-async--click=\"actions.showLightbox\"\n\t\t\tdata-wp-style--right=\"state.imageButtonRight\"\n\t\t\tdata-wp-style--top=\"state.imageButtonTop\"\n\t\t>\n\t\t\t<svg xmlns=\"http:\/\/www.w3.org\/2000\/svg\" width=\"12\" height=\"12\" fill=\"none\" viewBox=\"0 0 12 12\">\n\t\t\t\t<path fill=\"#fff\" d=\"M2 0a2 2 0 0 0-2 2v2h1.5V2a.5.5 0 0 1 .5-.5h2V0H2Zm2 10.5H2a.5.5 0 0 1-.5-.5V8H0v2a2 2 0 0 0 2 2h2v-1.5ZM8 12v-1.5h2a.5.5 0 0 0 .5-.5V8H12v2a2 2 0 0 1-2 2H8Zm2-12a2 2 0 0 1 2 2v2h-1.5V2a.5.5 0 0 0-.5-.5H8V0h2Z\" \/>\n\t\t\t<\/svg>\n\t\t<\/button><\/figure><\/div>\n\n\n<p class=\"has-text-align-center\">Portrait du \u00ab\u00a0<em>senior mobilis<\/em>\u00a0\u00bb thionvillois : l&rsquo;usage de la voiture d\u00e9cro\u00eet avec l\u2019\u00e2ge (seulement 1 d\u00e9placement sur 2 \u00e0 partir de 86 ans) ; \u00e0 l\u2019inverse, on observe une augmentation tr\u00e8s forte de la marche, qui co\u00efncide avec une r\u00e9duction des distances de d\u00e9placement (la proximit\u00e9 avant tout) et un moindre \u00e9quipement en voiture\/possession du permis de conduire <em><mark style=\"background-color:rgba(0, 0, 0, 0);color:#838383\" class=\"has-inline-color\">(extrait de la page 5)<\/mark><\/em><\/p>\n","protected":false},"excerpt":{"rendered":"<p>La mobilit\u00e9 des personnes \u00e2g\u00e9es en centre-ville est un facteur d\u00e9terminant pour leur autonomie et essentiel \u00e0 leur qualit\u00e9 de vie. Pouvoir se d\u00e9placer ais\u00e9ment leur permet de rester actives et socialement connect\u00e9es, de participer \u00e0 la vie de la cit\u00e9 et d&rsquo;acc\u00e9der aux services essentiels. Cependant, de nombreux obstacles limitent la mobilit\u00e9 des seniors [&hellip;]<\/p>\n","protected":false},"author":4,"featured_media":8767,"comment_status":"closed","ping_status":"closed","sticky":false,"template":"","format":"standard","meta":{"footnotes":""},"categories":[78],"tags":[671,674,1227,696],"class_list":["post-8765","post","type-post","status-publish","format-standard","has-post-thumbnail","hentry","category-mobilite-deplacements","tag-marche-2","tag-mobilite-3","tag-mobilite-senior-en-centre-ville","tag-thionville-2"],"jetpack_featured_media_url":"https:\/\/www.aguram.org\/wp-content\/uploads\/2025\/01\/CDS.png","_links":{"self":[{"href":"https:\/\/www.aguram.org\/aguram\/wp-json\/wp\/v2\/posts\/8765","targetHints":{"allow":["GET"]}}],"collection":[{"href":"https:\/\/www.aguram.org\/aguram\/wp-json\/wp\/v2\/posts"}],"about":[{"href":"https:\/\/www.aguram.org\/aguram\/wp-json\/wp\/v2\/types\/post"}],"author":[{"embeddable":true,"href":"https:\/\/www.aguram.org\/aguram\/wp-json\/wp\/v2\/users\/4"}],"replies":[{"embeddable":true,"href":"https:\/\/www.aguram.org\/aguram\/wp-json\/wp\/v2\/comments?post=8765"}],"version-history":[{"count":2,"href":"https:\/\/www.aguram.org\/aguram\/wp-json\/wp\/v2\/posts\/8765\/revisions"}],"predecessor-version":[{"id":8769,"href":"https:\/\/www.aguram.org\/aguram\/wp-json\/wp\/v2\/posts\/8765\/revisions\/8769"}],"wp:featuredmedia":[{"embeddable":true,"href":"https:\/\/www.aguram.org\/aguram\/wp-json\/wp\/v2\/media\/8767"}],"wp:attachment":[{"href":"https:\/\/www.aguram.org\/aguram\/wp-json\/wp\/v2\/media?parent=8765"}],"wp:term":[{"taxonomy":"category","embeddable":true,"href":"https:\/\/www.aguram.org\/aguram\/wp-json\/wp\/v2\/categories?post=8765"},{"taxonomy":"post_tag","embeddable":true,"href":"https:\/\/www.aguram.org\/aguram\/wp-json\/wp\/v2\/tags?post=8765"}],"curies":[{"name":"wp","href":"https:\/\/api.w.org\/{rel}","templated":true}]}}