
{"id":8720,"date":"2024-12-19T13:23:33","date_gmt":"2024-12-19T13:23:33","guid":{"rendered":"https:\/\/www.aguram.org\/aguram\/?p=8720"},"modified":"2025-04-09T15:20:49","modified_gmt":"2025-04-09T15:20:49","slug":"observatoire-territorial-transfrontalier-marche-du-travail-metiers-en-tension-en-lorraine-nord-au-luxembourg-enjeux-partage","status":"publish","type":"post","link":"https:\/\/www.aguram.org\/aguram\/observatoire-territorial-transfrontalier-marche-du-travail-metiers-en-tension-en-lorraine-nord-au-luxembourg-enjeux-partage\/","title":{"rendered":"OBSERVATOIRE TERRITORIAL TRANSFRONTALIER N\u00b03 \/\u00a0March\u00e9 du travail &amp; m\u00e9tiers en tension en Lorraine nord &amp; au Luxembourg\u00a0: enjeux partag\u00e9s\u00a0"},"content":{"rendered":"\n<p><br><strong>Quels sont les m\u00e9tiers en tension des deux c\u00f4t\u00e9s de la fronti\u00e8re ? Quelles concurrences et compl\u00e9mentarit\u00e9s entre les march\u00e9s du travail nord-lorrain et luxembourgeois ? Quels enjeux \u2013 \u00e9ventuellement partag\u00e9s \u2013 et quelles pistes d\u2019action ? Cette publication s\u2019inscrit dans la continuit\u00e9 des <a href=\"https:\/\/www.aguram.org\/aguram\/publications\/transfrontalier\/\" target=\"_blank\" rel=\"noreferrer noopener\">4 pr\u00e9c\u00e9dentes \u00e9ditions<\/a> de l\u2019<mark style=\"background-color:rgba(0, 0, 0, 0)\" class=\"has-inline-color has-luminous-vivid-orange-color\">Observatoire territorial transfrontalier<\/mark> AGURAM, en partenariat avec l\u2019Eurom\u00e9tropole de Metz. Belle lecture !<\/strong><\/p>\n\n\n\n<!--more-->\n\n\n\n<p>La <strong>Lorraine nord<\/strong> connait, en particulier depuis la fin de la pand\u00e9mie de Covid-19 et comme dans beaucoup de territoires fran\u00e7ais, <strong>des tensions sur le march\u00e9 du travail<\/strong>. Dans de nombreux secteurs et m\u00e9tiers, il est aujourd\u2019hui difficile d\u2019embaucher.<\/p>\n\n\n\n<p>Une difficult\u00e9, qui se fait sentir <strong>aussi bien dans les secteurs des services que dans l\u2019industrie ou les b\u00e2timents et travaux publics<\/strong> (BTP), et qui a de<strong> nombreuses cons\u00e9quences <\/strong>pour les entreprises et \u00e9tablissements publics. Les acteurs \u00e9conomiques s\u2019en inqui\u00e8tent : baisse de la productivit\u00e9, frein \u00e0 l\u2019investissement, d\u00e9gradation des conditions de travail et de la qualit\u00e9 de service, etc.<\/p>\n\n\n\n<p>Dans le contexte particulier de l\u2019espace transfrontalier nord-lorrain, un lien de cause \u00e0 effet est souvent \u00e9tabli entre cette situation et l\u2019<strong>attractivit\u00e9 du march\u00e9 du travail luxembourgeois<\/strong>, o\u00f9 les salaires sont sup\u00e9rieurs et les conditions de travail jug\u00e9es plus satisfaisantes.<\/p>\n\n\n\n<div class=\"wp-block-columns is-layout-flex wp-container-core-columns-is-layout-1 wp-block-columns-is-layout-flex\">\n<div class=\"wp-block-column is-layout-flow wp-block-column-is-layout-flow\"><div class=\"wp-block-image\">\n<figure class=\"aligncenter size-full is-resized\"><img loading=\"lazy\" decoding=\"async\" width=\"568\" height=\"438\" src=\"https:\/\/www.aguram.org\/wp-content\/uploads\/2024\/12\/24.png\" alt=\"\" class=\"wp-image-8721\" style=\"width:304px;height:auto\" srcset=\"https:\/\/www.aguram.org\/wp-content\/uploads\/2024\/12\/24.png 568w, https:\/\/www.aguram.org\/wp-content\/uploads\/2024\/12\/24-300x231.png 300w\" sizes=\"auto, (max-width: 568px) 100vw, 568px\" \/><\/figure><\/div><\/div>\n\n\n\n<div class=\"wp-block-column is-layout-flow wp-block-column-is-layout-flow\"><div class=\"wp-block-image\">\n<figure class=\"aligncenter size-full is-resized\"><img loading=\"lazy\" decoding=\"async\" width=\"592\" height=\"418\" src=\"https:\/\/www.aguram.org\/wp-content\/uploads\/2024\/12\/48.png\" alt=\"\" class=\"wp-image-8722\" style=\"width:354px;height:auto\" srcset=\"https:\/\/www.aguram.org\/wp-content\/uploads\/2024\/12\/48.png 592w, https:\/\/www.aguram.org\/wp-content\/uploads\/2024\/12\/48-300x212.png 300w\" sizes=\"auto, (max-width: 592px) 100vw, 592px\" \/><\/figure><\/div><\/div>\n<\/div>\n\n\n\n<p><strong>Le dynamisme \u00e9conomique luxembourgeois explique en partie les tensions observ\u00e9es en Lorraine nord<\/strong>, mais force est de constater que la situation est aujourd\u2019hui quasi g\u00e9n\u00e9ralis\u00e9e en Europe, souvent du fait d\u2019une baisse de la part du nombre des actifs.<\/p>\n\n\n\n<p>Le march\u00e9 luxembourgeois reste une opportunit\u00e9 pour les actifs lorrains, <strong>mais il connait lui aussi des tensions<\/strong>, notamment dans les secteurs strat\u00e9giques d\u2019une \u00e9conomie m\u00e9tropolitaine mondialis\u00e9e. Dans certains m\u00e9tiers, d\u00e9sormais, <strong>l\u2019aire de recrutement s\u2019\u00e9largit au-del\u00e0 du bassin d\u2019emploi transfrontalier.<\/strong><\/p>\n\n\n\n<p>Retrouvez toutes les publications de l\u2019Observatoire sur : <a href=\"http:\/\/www.aguram.org\/publications\/transfrontalier\" target=\"_blank\" rel=\"noreferrer noopener\">www.aguram.org\/publications\/transfrontalier<\/a><\/p>\n","protected":false},"excerpt":{"rendered":"<p>Quels sont les m\u00e9tiers en tension des deux c\u00f4t\u00e9s de la fronti\u00e8re ? Quelles concurrences et compl\u00e9mentarit\u00e9s entre les march\u00e9s du travail nord-lorrain et luxembourgeois ? Quels enjeux \u2013 \u00e9ventuellement partag\u00e9s \u2013 et quelles pistes d\u2019action ? Cette publication s\u2019inscrit dans la continuit\u00e9 des 4 pr\u00e9c\u00e9dentes \u00e9ditions de l\u2019Observatoire territorial transfrontalier AGURAM, en partenariat avec [&hellip;]<\/p>\n","protected":false},"author":4,"featured_media":8726,"comment_status":"closed","ping_status":"closed","sticky":false,"template":"","format":"standard","meta":{"footnotes":""},"categories":[53,79,78,1193],"tags":[550,482,982,1220,930,1209,1219,708,769],"class_list":["post-8720","post","type-post","status-publish","format-standard","has-post-thumbnail","hentry","category-cooperations-territoriales","category-economie-attractivite","category-mobilite-deplacements","category-transfrontalier-publications","tag-economie-4","tag-emploi-2","tag-luxembourg-2","tag-marche-du-travail-2","tag-nord-lorrain","tag-observatoire-territorial-transfrontalier","tag-ott","tag-sillon-lorrain-2","tag-transfrontalier-2"],"jetpack_featured_media_url":"https:\/\/www.aguram.org\/wp-content\/uploads\/2024\/12\/COUVOTT.png","_links":{"self":[{"href":"https:\/\/www.aguram.org\/aguram\/wp-json\/wp\/v2\/posts\/8720","targetHints":{"allow":["GET"]}}],"collection":[{"href":"https:\/\/www.aguram.org\/aguram\/wp-json\/wp\/v2\/posts"}],"about":[{"href":"https:\/\/www.aguram.org\/aguram\/wp-json\/wp\/v2\/types\/post"}],"author":[{"embeddable":true,"href":"https:\/\/www.aguram.org\/aguram\/wp-json\/wp\/v2\/users\/4"}],"replies":[{"embeddable":true,"href":"https:\/\/www.aguram.org\/aguram\/wp-json\/wp\/v2\/comments?post=8720"}],"version-history":[{"count":5,"href":"https:\/\/www.aguram.org\/aguram\/wp-json\/wp\/v2\/posts\/8720\/revisions"}],"predecessor-version":[{"id":46636,"href":"https:\/\/www.aguram.org\/aguram\/wp-json\/wp\/v2\/posts\/8720\/revisions\/46636"}],"wp:featuredmedia":[{"embeddable":true,"href":"https:\/\/www.aguram.org\/aguram\/wp-json\/wp\/v2\/media\/8726"}],"wp:attachment":[{"href":"https:\/\/www.aguram.org\/aguram\/wp-json\/wp\/v2\/media?parent=8720"}],"wp:term":[{"taxonomy":"category","embeddable":true,"href":"https:\/\/www.aguram.org\/aguram\/wp-json\/wp\/v2\/categories?post=8720"},{"taxonomy":"post_tag","embeddable":true,"href":"https:\/\/www.aguram.org\/aguram\/wp-json\/wp\/v2\/tags?post=8720"}],"curies":[{"name":"wp","href":"https:\/\/api.w.org\/{rel}","templated":true}]}}