
{"id":8541,"date":"2024-10-03T13:41:16","date_gmt":"2024-10-03T13:41:16","guid":{"rendered":"https:\/\/www.aguram.org\/aguram\/?p=8541"},"modified":"2024-10-03T13:41:21","modified_gmt":"2024-10-03T13:41:21","slug":"mobilite-une-strategie-sur-mesure-pour-les-rives-de-moselle","status":"publish","type":"post","link":"https:\/\/www.aguram.org\/aguram\/mobilite-une-strategie-sur-mesure-pour-les-rives-de-moselle\/","title":{"rendered":"MOBILIT\u00c9 : UNE STRAT\u00c9GIE SUR MESURE POUR LES RIVES DE MOSELLE !"},"content":{"rendered":"\n<p><strong>Le <mark style=\"background-color:rgba(0, 0, 0, 0)\" class=\"has-inline-color has-luminous-vivid-orange-color\">Plan de mobilit\u00e9 simplifi\u00e9e<\/mark>\u00a0(PDMS), propos\u00e9 aux Autorit\u00e9s organisatrices de la mobilit\u00e9 (AOM) territoires ruraux et des villes moyenne par la loi d\u2019orientation des mobilit\u00e9s est un\u00a0document de planification qui vise \u00e0 structurer leurs strat\u00e9gies de mobilit\u00e9.<\/strong><\/p>\n\n\n\n<p><strong>En 2021,\u00a0<mark style=\"background-color:rgba(0, 0, 0, 0)\" class=\"has-inline-color has-luminous-vivid-orange-color\">Rives de Moselle<\/mark>\u00a0s\u2019est saisie de la comp\u00e9tence\u00a0mobilit\u00e9s,\u00a0au sortir\u00a0d\u2019une premi\u00e8re d\u00e9marche de r\u00e9flexion, accompagn\u00e9e par l\u2019AGURAM, sur les besoins, attentes et enjeux de la collectivit\u00e9. C\u2019est donc logiquement que l\u2019AGURAM a accompagn\u00e9 la communaut\u00e9 de commune, en 2023 et 2024, pour la conception de son PDMS dont\u00a0le programme d\u2019actions s\u2019articule autour de\u00a03 grands axes\u00a0:<\/strong><\/p>\n\n\n\n<!--more-->\n\n\n\n<p>1.\u00a0\u00a0\u00a0\u00a0\u00a0\u00a0\u00a0Se d\u00e9placer \u00e0 pied et \u00e0 v\u00e9lo sur un territoire de mobilit\u00e9 apais\u00e9e et attractif<br>2.\u00a0\u00a0\u00a0\u00a0\u00a0\u00a0\u00a0D\u00e9velopper l\u2019usage des transports en commun pour un territoire accessible \u00e0 tous<br>3.\u00a0\u00a0\u00a0\u00a0\u00a0\u00a0\u00a0Favoriser les changements de comportements en mati\u00e8re de mobilit\u00e9<\/p>\n\n\n\n<p>Apr\u00e8s une d\u00e9lib\u00e9ration en conseil communautaire, puis une large consultation du public, le PDMS a \u00e9t\u00e9 approuv\u00e9 le 27 juin 2024.<\/p>\n\n\n\n<p>D\u00e9couvrez-le en d\u00e9tail sur :\u00a0<a href=\"https:\/\/www.rivesdemoselle.fr\/mobilites\/\">https:\/\/www.rivesdemoselle.fr\/mobilites\/<\/a><\/p>\n\n\n\n<p>&#x1f449;&nbsp;L&rsquo;agence est heureuse d&rsquo;avoir pu&nbsp;accompagner&nbsp;la&nbsp;r\u00e9cente autorit\u00e9 organisatrice de mobilit\u00e9 et&nbsp;su&nbsp;traduire les&nbsp;volont\u00e9s&nbsp;de ses&nbsp;\u00e9lus en un plan d&rsquo;action ambitieux. La d\u00e9marche a d\u2019ailleurs \u00e9t\u00e9 l\u2019objet d\u2019un \u00ab&nbsp;coup de projecteur&nbsp;\u00bb lors de notre assembl\u00e9e g\u00e9n\u00e9rale mercredi dernier (merci \u00e0&nbsp;<a href=\"https:\/\/www.linkedin.com\/in\/mathieu-commard-901a9212a\/\">Mathieu Commard<\/a>, chef du service mobilit\u00e9s \u00e0 la CC Rives de Moselle et \u00e0&nbsp;<a href=\"https:\/\/www.linkedin.com\/in\/fabien-soria-983186112\/\">Fabien Soria<\/a>, chef de projet mobilit\u00e9s &#8211; strat\u00e9gies m\u00e9tropolitaines &#8211; \u00e0 l\u2019AGURAM, pour leur pr\u00e9sentation \u00e0 2 voix).<\/p>\n\n\n\n<p>Bravo \u00e0 la communaut\u00e9 de communes pour la communication autour de ce PDMS, largement tourn\u00e9e vers les usagers qui sont sensibilis\u00e9s aussi bien \u00e0 travers ses m\u00e9dias, r\u00e9seaux sociaux et \u00e9v\u00e8nements sur le terrain.<\/p>\n\n\n\n<p><mark style=\"background-color:rgba(0, 0, 0, 0)\" class=\"has-inline-color has-cyan-bluish-gray-color\">___________________________<\/mark><br>Info++\u00a0: La d\u00e9marche de PDMS peut \u00eatre initi\u00e9e sur une base volontaire par les territoires ruraux &amp; villes moyennes AOM de mobilit\u00e9. Contactez votre agence d&rsquo;urbanisme !<br><mark style=\"background-color:rgba(0, 0, 0, 0)\" class=\"has-inline-color has-cyan-bluish-gray-color\">___________________________<\/mark><\/p>\n","protected":false},"excerpt":{"rendered":"<p>Le Plan de mobilit\u00e9 simplifi\u00e9e\u00a0(PDMS), propos\u00e9 aux Autorit\u00e9s organisatrices de la mobilit\u00e9 (AOM) territoires ruraux et des villes moyenne par la loi d\u2019orientation des mobilit\u00e9s est un\u00a0document de planification qui vise \u00e0 structurer leurs strat\u00e9gies de mobilit\u00e9. En 2021,\u00a0Rives de Moselle\u00a0s\u2019est saisie de la comp\u00e9tence\u00a0mobilit\u00e9s,\u00a0au sortir\u00a0d\u2019une premi\u00e8re d\u00e9marche de r\u00e9flexion, accompagn\u00e9e par l\u2019AGURAM, sur les [&hellip;]<\/p>\n","protected":false},"author":4,"featured_media":8543,"comment_status":"closed","ping_status":"closed","sticky":false,"template":"","format":"standard","meta":{"footnotes":""},"categories":[1,78],"tags":[1035,674,1208,925],"class_list":["post-8541","post","type-post","status-publish","format-standard","has-post-thumbnail","hentry","category-aguram","category-mobilite-deplacements","tag-ccrdm-2","tag-mobilite-3","tag-plan-de-mobilite-simplifie","tag-rives-de-moselle-2"],"jetpack_featured_media_url":"https:\/\/www.aguram.org\/wp-content\/uploads\/2024\/10\/PDMS-RDM-e1727962767679.png","_links":{"self":[{"href":"https:\/\/www.aguram.org\/aguram\/wp-json\/wp\/v2\/posts\/8541","targetHints":{"allow":["GET"]}}],"collection":[{"href":"https:\/\/www.aguram.org\/aguram\/wp-json\/wp\/v2\/posts"}],"about":[{"href":"https:\/\/www.aguram.org\/aguram\/wp-json\/wp\/v2\/types\/post"}],"author":[{"embeddable":true,"href":"https:\/\/www.aguram.org\/aguram\/wp-json\/wp\/v2\/users\/4"}],"replies":[{"embeddable":true,"href":"https:\/\/www.aguram.org\/aguram\/wp-json\/wp\/v2\/comments?post=8541"}],"version-history":[{"count":1,"href":"https:\/\/www.aguram.org\/aguram\/wp-json\/wp\/v2\/posts\/8541\/revisions"}],"predecessor-version":[{"id":8542,"href":"https:\/\/www.aguram.org\/aguram\/wp-json\/wp\/v2\/posts\/8541\/revisions\/8542"}],"wp:featuredmedia":[{"embeddable":true,"href":"https:\/\/www.aguram.org\/aguram\/wp-json\/wp\/v2\/media\/8543"}],"wp:attachment":[{"href":"https:\/\/www.aguram.org\/aguram\/wp-json\/wp\/v2\/media?parent=8541"}],"wp:term":[{"taxonomy":"category","embeddable":true,"href":"https:\/\/www.aguram.org\/aguram\/wp-json\/wp\/v2\/categories?post=8541"},{"taxonomy":"post_tag","embeddable":true,"href":"https:\/\/www.aguram.org\/aguram\/wp-json\/wp\/v2\/tags?post=8541"}],"curies":[{"name":"wp","href":"https:\/\/api.w.org\/{rel}","templated":true}]}}