
{"id":8537,"date":"2024-10-02T09:39:21","date_gmt":"2024-10-02T09:39:21","guid":{"rendered":"https:\/\/www.aguram.org\/aguram\/?p=8537"},"modified":"2024-10-16T12:57:13","modified_gmt":"2024-10-16T12:57:13","slug":"confzan2","status":"publish","type":"post","link":"https:\/\/www.aguram.org\/aguram\/confzan2\/","title":{"rendered":"Conf\u00e9rence-d\u00e9bat \u00e0 Metz : Pour un foncier \u00e9conomique optimiste &#038; optimis\u00e9"},"content":{"rendered":"\n<p><strong>Le SCoTAM et l&rsquo;AGURAM vous proposent une conf\u00e9rence-d\u00e9bat \u00e0 Centrale Sup\u00e9lec Metz le jeudi 7 novembre 2024. Le th\u00e8me : <mark style=\"background-color:rgba(0, 0, 0, 0)\" class=\"has-inline-color has-luminous-vivid-orange-color\">Regards crois\u00e9s \u00e0 l&rsquo;heure du ZAN \/ Pour un foncier \u00e9conomique optimiste &amp; optimis\u00e9<\/mark>. R\u00e9servez votre place sans attendre !<\/strong><\/p>\n\n\n\n<!--more-->\n\n\n\n<p><em>__Faut-il n\u00e9cessairement consommer des espaces naturels, agricoles et forestiers pour accueillir des entreprises et am\u00e9liorer les recettes fiscales&nbsp;?<\/em><\/p>\n\n\n\n<p><em>__Comment r\u00e9pondre \u00e0 leur besoin en s\u2019inscrivant dans la trajectoire de sobri\u00e9t\u00e9 fonci\u00e8re qui pr\u00e9voit Z\u00e9ro artificialisation nette des sols \u00e0 l&rsquo;horizon 2050&nbsp;?<\/em><\/p>\n\n\n\n<p><em>__Pourquoi est-il indispensable de requalifier et de densifier nos espaces d\u2019activit\u00e9s ?<\/em><\/p>\n\n\n\n<p><em>__Quel est v\u00e9ritablement le r\u00f4le des collectivit\u00e9s dans ces incontournables transitions&nbsp;?<\/em><\/p>\n\n\n\n<p><em>__\u2026<\/em><\/p>\n\n\n\n<p>Des questions que se posent toutes les collectivit\u00e9s qui (re)pensent leur d\u00e9veloppement \u00e9conomique. Elles doivent r\u00e9ussir \u00e0 concilier deux injonctions pouvant para\u00eetre contradictoires : <strong>donner la capacit\u00e9 aux entreprises de s\u2019implanter et de se d\u00e9velopper, tout en s\u2019engageant dans une d\u00e9marche de sobri\u00e9t\u00e9 fonci\u00e8re<\/strong>, r\u00e9pondant (entre autres) \u00e0 l\u2019objectif ZAN.<\/p>\n\n\n\n<p>Dans le territoire du Sch\u00e9ma de coh\u00e9rence territoriale de l&rsquo;agglom\u00e9ration messine, le foncier d\u2019activit\u00e9s est le 2<sup>e<\/sup> poste de consommation fonci\u00e8re alors que l&rsquo;offre commerciale, en particulier, est d\u00e9j\u00e0 tr\u00e8s forte dans le nord du Sillon lorrain. Les territoires du SCoT disposent de larges emprises en zones d&rsquo;activit\u00e9s \u00e9conomiques \u00e0 densifier, mais aussi de friches \u00e0 reconvertir. Comment s&rsquo;appuyer sur ces leviers ? En existe-t-il d&rsquo;autres pour accro\u00eetre la disponibilit\u00e9 fonci\u00e8re ? Quels outils concrets mobiliser et comment ? Qui sont les acteurs\u00a0et comment peuvent-il s&rsquo;inscrire dans la planification des besoins de foncier \u00e0 court, moyen et long terme ?<\/p>\n\n\n\n<p><strong>Le SCoTAM et l&rsquo;AGURAM vous proposent une conf\u00e9rence-d\u00e9bat pour plonger, durant une matin\u00e9e, au c\u0153ur de ce vaste sujet. Les regards crois\u00e9s de nos experts, d&rsquo;\u00e9lus du territoire, mais \u00e9galement d&rsquo;un \u00e9conomiste, d&rsquo;une architecte-urbaniste et d&rsquo;un paysagiste permettront de partager une vision \u00e0 la fois optimiste et optimis\u00e9e pour l&rsquo;avenir de nos territoires et de leurs activit\u00e9s \u00e9conomiques.<\/strong><\/p>\n\n\n\n<div class=\"wp-block-buttons is-content-justification-center is-layout-flex wp-container-core-buttons-is-layout-1 wp-block-buttons-is-layout-flex\">\n<div class=\"wp-block-button\"><a class=\"wp-block-button__link has-luminous-vivid-orange-background-color has-background wp-element-button\" href=\"https:\/\/www.aguram.org\/wp-content\/uploads\/2024\/10\/ZAN_EVENT_07-11-2024_PROGRAMME_COMPLET.pdf\" target=\"_blank\" rel=\"noreferrer noopener\">Programme d\u00e9taill\u00e9<\/a><\/div>\n\n\n\n<div class=\"wp-block-button\"><a class=\"wp-block-button__link has-luminous-vivid-orange-background-color has-background wp-element-button\" href=\"https:\/\/forms.gle\/ynsryfy4jTGFtZma9\" target=\"_blank\" rel=\"noreferrer noopener\">R\u00e9servez votre place<\/a><\/div>\n<\/div>\n\n\n\n<hr class=\"wp-block-separator has-alpha-channel-opacity\"\/>\n\n\n\n<p>Cet \u00e9v\u00e8nement s&rsquo;inscrit dans la suite de celui propos\u00e9 le 20 novembre 2023 : <a href=\"https:\/\/www.aguram.org\/aguram\/conference-debat-a-metz-se-developper-sans-setendre-comment-continuer-a-faire-projet-dans-le-contexte-du-zan\/\">Se d\u00e9velopper sans s\u2019\u00e9tendre, comment continuer \u00e0 faire projet dans le contexte du ZAN ?<\/a><\/p>\n","protected":false},"excerpt":{"rendered":"<p>Le SCoTAM et l&rsquo;AGURAM vous proposent une conf\u00e9rence-d\u00e9bat \u00e0 Centrale Sup\u00e9lec Metz le jeudi 7 novembre 2024. Le th\u00e8me : Regards crois\u00e9s \u00e0 l&rsquo;heure du ZAN \/ Pour un foncier \u00e9conomique optimiste &amp; optimis\u00e9. R\u00e9servez votre place sans attendre !<\/p>\n","protected":false},"author":4,"featured_media":8538,"comment_status":"closed","ping_status":"closed","sticky":false,"template":"","format":"standard","meta":{"footnotes":""},"categories":[97,45,90,426],"tags":[658,980,1207,1206,717,1039,703],"class_list":["post-8537","post","type-post","status-publish","format-standard","has-post-thumbnail","hentry","category-economie","category-evenement","category-planification","category-scotam","tag-attractivite-2","tag-conference-3","tag-developpement-economique","tag-foncier-economique","tag-scotam-2","tag-sols-2","tag-zan-2"],"jetpack_featured_media_url":"https:\/\/www.aguram.org\/wp-content\/uploads\/2024\/10\/ZAN_EVENT_07-11-24_Visuel_site.png","_links":{"self":[{"href":"https:\/\/www.aguram.org\/aguram\/wp-json\/wp\/v2\/posts\/8537","targetHints":{"allow":["GET"]}}],"collection":[{"href":"https:\/\/www.aguram.org\/aguram\/wp-json\/wp\/v2\/posts"}],"about":[{"href":"https:\/\/www.aguram.org\/aguram\/wp-json\/wp\/v2\/types\/post"}],"author":[{"embeddable":true,"href":"https:\/\/www.aguram.org\/aguram\/wp-json\/wp\/v2\/users\/4"}],"replies":[{"embeddable":true,"href":"https:\/\/www.aguram.org\/aguram\/wp-json\/wp\/v2\/comments?post=8537"}],"version-history":[{"count":6,"href":"https:\/\/www.aguram.org\/aguram\/wp-json\/wp\/v2\/posts\/8537\/revisions"}],"predecessor-version":[{"id":8554,"href":"https:\/\/www.aguram.org\/aguram\/wp-json\/wp\/v2\/posts\/8537\/revisions\/8554"}],"wp:featuredmedia":[{"embeddable":true,"href":"https:\/\/www.aguram.org\/aguram\/wp-json\/wp\/v2\/media\/8538"}],"wp:attachment":[{"href":"https:\/\/www.aguram.org\/aguram\/wp-json\/wp\/v2\/media?parent=8537"}],"wp:term":[{"taxonomy":"category","embeddable":true,"href":"https:\/\/www.aguram.org\/aguram\/wp-json\/wp\/v2\/categories?post=8537"},{"taxonomy":"post_tag","embeddable":true,"href":"https:\/\/www.aguram.org\/aguram\/wp-json\/wp\/v2\/tags?post=8537"}],"curies":[{"name":"wp","href":"https:\/\/api.w.org\/{rel}","templated":true}]}}