
{"id":8473,"date":"2024-07-22T09:30:56","date_gmt":"2024-07-22T09:30:56","guid":{"rendered":"https:\/\/www.aguram.org\/aguram\/?p=8473"},"modified":"2024-07-22T09:31:01","modified_gmt":"2024-07-22T09:31:01","slug":"transformation-vegetalisation-des-cours-decoles-a-metz-2-grands-projets-verront-le-jour-a-la-rentree-2024","status":"publish","type":"post","link":"https:\/\/www.aguram.org\/aguram\/transformation-vegetalisation-des-cours-decoles-a-metz-2-grands-projets-verront-le-jour-a-la-rentree-2024\/","title":{"rendered":"Transformation &amp; v\u00e9g\u00e9talisation des cours d\u2019\u00e9coles \u00e0 Metz\u00a0: 2 grands projets verront le jour \u00e0 la rentr\u00e9e 2024\u00a0!"},"content":{"rendered":"\n<p><strong>L\u2019\u00e9cole \u00e9l\u00e9mentaire Jean Moulin (quartier Patrotte-Metz-Nord) et le groupe scolaire Auguste Prost (quartier Sablon) auront le plaisir de profiter de leurs cours r\u00e9am\u00e9nag\u00e9es d\u00e8s la rentr\u00e9e de septembre. Les \u00e9quipes p\u00e9dagogiques, les enfants et leurs parents ont d\u00e9couvert les futurs am\u00e9nagements lors de la <mark style=\"background-color:rgba(0, 0, 0, 0)\" class=\"has-inline-color has-luminous-vivid-orange-color\">restitution des projets pr\u00e9sent\u00e9s par la Ville de Metz et l\u2019AGURAM en juin<\/mark> dernier. Ces projets ont \u00e9t\u00e9 travaill\u00e9s avec les enseignants lors d\u2019ateliers de concertation pilot\u00e9s par l\u2019agence, avec les \u00e9l\u00e8ves. L\u2019Agence de l\u2019eau Rhin-Meuse, qui subventionne en grande partie ces projets de d\u00e9simperm\u00e9abilisation permettant de g\u00e9rer et valoriser la ressource en eau, \u00e9tait \u00e9galement mobilis\u00e9e.<\/strong><\/p>\n\n\n\n<!--more-->\n\n\n<div class=\"wp-block-image\">\n<figure class=\"aligncenter size-large is-resized\"><a href=\"https:\/\/www.aguram.org\/wp-content\/uploads\/2024\/07\/Image2.png\"><img loading=\"lazy\" decoding=\"async\" width=\"1024\" height=\"684\" src=\"https:\/\/www.aguram.org\/wp-content\/uploads\/2024\/07\/Image2-1024x684.png\" alt=\"\" class=\"wp-image-8474\" style=\"width:498px;height:auto\" srcset=\"https:\/\/www.aguram.org\/wp-content\/uploads\/2024\/07\/Image2-1024x684.png 1024w, https:\/\/www.aguram.org\/wp-content\/uploads\/2024\/07\/Image2-300x200.png 300w, https:\/\/www.aguram.org\/wp-content\/uploads\/2024\/07\/Image2-768x513.png 768w, https:\/\/www.aguram.org\/wp-content\/uploads\/2024\/07\/Image2.png 1212w\" sizes=\"auto, (max-width: 1024px) 100vw, 1024px\" \/><\/a><\/figure><\/div>\n\n\n<p><strong>Les objectifs<\/strong> <strong>:<\/strong><\/p>\n\n\n\n<ul class=\"wp-block-list\">\n<li>Placer le bien-\u00eatre et la sant\u00e9 des enfants au c\u0153ur de l\u2019am\u00e9nagement et des usages de la cour ;<\/li>\n\n\n\n<li>Cr\u00e9er des \u00eelots de fra\u00eecheur en renfor\u00e7ant la pr\u00e9sence de la v\u00e9g\u00e9tation ; <\/li>\n\n\n\n<li>Redonner une place au cycle naturel de l\u2019eau en favorisant l\u2019infiltration des eaux ; pluviales\u00a0(d\u00e9connexion des eaux de toiture, espaces de pleine terre, rev\u00eatements drainants, ouvrages d\u2019infiltration, etc.) ;<\/li>\n\n\n\n<li>Renforcer la biodiversit\u00e9 \u00ab\u00a0ordinaire\u00a0\u00bb en participant au maillage des continuit\u00e9s \u00e9cologiques de la ville (plantation d\u2019arbres, de haies, d\u2019essences favorables \u00e0 la biodiversit\u00e9, installation d\u2019abris pour la faune) ;<\/li>\n\n\n\n<li>Sensibiliser les enfants au respect de l\u2019environnement en pla\u00e7ant la nature \u00e0 leur port\u00e9e (jardins p\u00e9dagogiques, ouvrages de gestion des eaux pluviales, r\u00e9cup\u00e9rateurs d\u2019eau de pluie, nichoirs, etc.) ;<\/li>\n\n\n\n<li>Red\u00e9finir la r\u00e9partition et les usages des espaces\u00a0(coins calmes, espaces de jeux actifs et collectifs) ;<\/li>\n\n\n\n<li>Favoriser l\u2019\u00e9galit\u00e9 et la mixit\u00e9 en diversifiant les activit\u00e9s physiques en ext\u00e9rieur avec des am\u00e9nagements ludiques (parcours d\u2019\u00e9quilibre, tipis, jeux au sol, etc.).<\/li>\n<\/ul>\n\n\n<div class=\"wp-block-image\">\n<figure class=\"aligncenter size-large is-resized\"><a href=\"https:\/\/www.aguram.org\/wp-content\/uploads\/2024\/07\/Image1.png\"><img loading=\"lazy\" decoding=\"async\" width=\"1024\" height=\"676\" src=\"https:\/\/www.aguram.org\/wp-content\/uploads\/2024\/07\/Image1-1024x676.png\" alt=\"\" class=\"wp-image-8475\" style=\"width:693px;height:auto\" srcset=\"https:\/\/www.aguram.org\/wp-content\/uploads\/2024\/07\/Image1-1024x676.png 1024w, https:\/\/www.aguram.org\/wp-content\/uploads\/2024\/07\/Image1-300x198.png 300w, https:\/\/www.aguram.org\/wp-content\/uploads\/2024\/07\/Image1-768x507.png 768w, https:\/\/www.aguram.org\/wp-content\/uploads\/2024\/07\/Image1.png 1205w\" sizes=\"auto, (max-width: 1024px) 100vw, 1024px\" \/><\/a><\/figure><\/div>\n\n\n<p class=\"has-text-align-center has-text-color has-link-color wp-elements-59a81a9d91933f10620ce652996bd1c0\" style=\"color:#959697\"><em>Am\u00e9nagements propos\u00e9s par l\u2019AGURAM pour l\u2019\u00e9cole Jean Moulin (croquis du haut) et le groupe scolaire Auguste Prost (croquis du bas). Certaines adaptations ont \u00e9t\u00e9 r\u00e9alis\u00e9es par la maitrise d\u2019\u0153uvre (direction de la Mobilit\u00e9 et des espaces publics de l\u2019Eurom\u00e9tropole de Metz), en fonction de la faisabilit\u00e9 technique<\/em><\/p>\n","protected":false},"excerpt":{"rendered":"<p>L\u2019\u00e9cole \u00e9l\u00e9mentaire Jean Moulin (quartier Patrotte-Metz-Nord) et le groupe scolaire Auguste Prost (quartier Sablon) auront le plaisir de profiter de leurs cours r\u00e9am\u00e9nag\u00e9es d\u00e8s la rentr\u00e9e de septembre. Les \u00e9quipes p\u00e9dagogiques, les enfants et leurs parents ont d\u00e9couvert les futurs am\u00e9nagements lors de la restitution des projets pr\u00e9sent\u00e9s par la Ville de Metz et l\u2019AGURAM [&hellip;]<\/p>\n","protected":false},"author":4,"featured_media":8476,"comment_status":"closed","ping_status":"closed","sticky":false,"template":"","format":"standard","meta":{"footnotes":""},"categories":[98,520],"tags":[32,1023,1068,901,1084],"class_list":["post-8473","post","type-post","status-publish","format-standard","has-post-thumbnail","hentry","category-environnement","category-metz-metropole","tag-environnement","tag-cours-decole","tag-desimpermeabilisation","tag-eurometropole-de-metz","tag-vegetalisation"],"jetpack_featured_media_url":"https:\/\/www.aguram.org\/wp-content\/uploads\/2024\/07\/Cours-Ecole-2.png","_links":{"self":[{"href":"https:\/\/www.aguram.org\/aguram\/wp-json\/wp\/v2\/posts\/8473","targetHints":{"allow":["GET"]}}],"collection":[{"href":"https:\/\/www.aguram.org\/aguram\/wp-json\/wp\/v2\/posts"}],"about":[{"href":"https:\/\/www.aguram.org\/aguram\/wp-json\/wp\/v2\/types\/post"}],"author":[{"embeddable":true,"href":"https:\/\/www.aguram.org\/aguram\/wp-json\/wp\/v2\/users\/4"}],"replies":[{"embeddable":true,"href":"https:\/\/www.aguram.org\/aguram\/wp-json\/wp\/v2\/comments?post=8473"}],"version-history":[{"count":1,"href":"https:\/\/www.aguram.org\/aguram\/wp-json\/wp\/v2\/posts\/8473\/revisions"}],"predecessor-version":[{"id":8477,"href":"https:\/\/www.aguram.org\/aguram\/wp-json\/wp\/v2\/posts\/8473\/revisions\/8477"}],"wp:featuredmedia":[{"embeddable":true,"href":"https:\/\/www.aguram.org\/aguram\/wp-json\/wp\/v2\/media\/8476"}],"wp:attachment":[{"href":"https:\/\/www.aguram.org\/aguram\/wp-json\/wp\/v2\/media?parent=8473"}],"wp:term":[{"taxonomy":"category","embeddable":true,"href":"https:\/\/www.aguram.org\/aguram\/wp-json\/wp\/v2\/categories?post=8473"},{"taxonomy":"post_tag","embeddable":true,"href":"https:\/\/www.aguram.org\/aguram\/wp-json\/wp\/v2\/tags?post=8473"}],"curies":[{"name":"wp","href":"https:\/\/api.w.org\/{rel}","templated":true}]}}