
{"id":8194,"date":"2024-04-24T15:14:22","date_gmt":"2024-04-24T15:14:22","guid":{"rendered":"https:\/\/www.aguram.org\/aguram\/?p=8194"},"modified":"2024-09-05T08:08:14","modified_gmt":"2024-09-05T08:08:14","slug":"observatoire-territorial-transfrontalier-chiffres-cles-frontaliers-francais-au-luxembourg-en-2023","status":"publish","type":"post","link":"https:\/\/www.aguram.org\/aguram\/observatoire-territorial-transfrontalier-chiffres-cles-frontaliers-francais-au-luxembourg-en-2023\/","title":{"rendered":"OBSERVATOIRE TERRITORIAL TRANSFRONTALIER  \/ Chiffres-cl\u00e9s : frontaliers fran\u00e7ais au Luxembourg en 2023"},"content":{"rendered":"\n<p><strong>La proximit\u00e9 des fronti\u00e8res est une opportunit\u00e9 pour le Nord-lorraine, dont les r\u00e9sidents sont chaque ann\u00e9e plus nombreux \u00e0 les traverser pour travailler. L\u2019ampleur du ph\u00e9nom\u00e8ne en fait un d\u00e9fi pour les collectivit\u00e9s. Avec l\u2019Observatoire territorial transfrontalier, l\u2019AGURAM propose, en partenariat avec l\u2019Eurom\u00e9tropole de Metz, un outil pour identifier et mieux comprendre ces d\u00e9fis.<\/strong><\/p>\n\n\n\n<p><strong>L\u2019objectif est de proposer r\u00e9guli\u00e8rement des analyses sur les probl\u00e9matiques territoriales d\u2019un ph\u00e9nom\u00e8ne transfrontalier qui ne se limite pas \u2013 loin de l\u00e0 \u2013 au travail : mobilit\u00e9, logement, pouvoir d\u2019achat, attractivit\u00e9 et autres contrainte ou opportunit\u00e9s.<\/strong><\/p>\n\n\n\n<!--more-->\n\n\n\n<p>Le <a href=\"https:\/\/www.aguram.org\/wp-content\/uploads\/2023\/07\/Observatoire_territorial_transfrontalier_Vol1_web.pdf\" target=\"_blank\" rel=\"noreferrer noopener\"><strong>premier num\u00e9ro de cet Observatoire<\/strong> <\/a>faisait le point sur le nombre et le profil des frontaliers travaillant au Luxembourg. <\/p>\n\n\n\n<p>Un second num\u00e9ro arrivera &nbsp;tr\u00e8s prochainement pour \u00e9clairer l&rsquo;impact de la proximit\u00e9 et des conditions d\u2019acc\u00e8s aux emplois frontaliers sur la structuration de ce bassin de vie transfrontalier. <\/p>\n\n\n\n<p>D&rsquo;ici-l\u00e0, nous vous proposons un M\u00e9mo de 4 pages qui valorise les derni\u00e8res donn\u00e9es IGSS et Insee et actualise les donn\u00e9es pr\u00e9sent\u00e9es dans le 1er num\u00e9ro.<\/p>\n\n\n\n<p>Bonne lecture.<br><\/p>\n","protected":false},"excerpt":{"rendered":"<p>La proximit\u00e9 des fronti\u00e8res est une opportunit\u00e9 pour le Nord-lorraine, dont les r\u00e9sidents sont chaque ann\u00e9e plus nombreux \u00e0 les traverser pour travailler. L\u2019ampleur du ph\u00e9nom\u00e8ne en fait un d\u00e9fi pour les collectivit\u00e9s. Avec l\u2019Observatoire territorial transfrontalier, l\u2019AGURAM propose, en partenariat avec l\u2019Eurom\u00e9tropole de Metz, un outil pour identifier et mieux comprendre ces d\u00e9fis. L\u2019objectif [&hellip;]<\/p>\n","protected":false},"author":4,"featured_media":8399,"comment_status":"closed","ping_status":"closed","sticky":false,"template":"","format":"standard","meta":{"footnotes":""},"categories":[53,79,78,1193],"tags":[1170,550,982,674,694,769],"class_list":["post-8194","post","type-post","status-publish","format-standard","has-post-thumbnail","hentry","category-cooperations-territoriales","category-economie-attractivite","category-mobilite-deplacements","category-transfrontalier-publications","tag-cooperations-territoriales","tag-economie-4","tag-luxembourg-2","tag-mobilite-3","tag-observatoire-2","tag-transfrontalier-2"],"jetpack_featured_media_url":"https:\/\/www.aguram.org\/wp-content\/uploads\/2024\/04\/Memo-e1713971577258-1.png","_links":{"self":[{"href":"https:\/\/www.aguram.org\/aguram\/wp-json\/wp\/v2\/posts\/8194","targetHints":{"allow":["GET"]}}],"collection":[{"href":"https:\/\/www.aguram.org\/aguram\/wp-json\/wp\/v2\/posts"}],"about":[{"href":"https:\/\/www.aguram.org\/aguram\/wp-json\/wp\/v2\/types\/post"}],"author":[{"embeddable":true,"href":"https:\/\/www.aguram.org\/aguram\/wp-json\/wp\/v2\/users\/4"}],"replies":[{"embeddable":true,"href":"https:\/\/www.aguram.org\/aguram\/wp-json\/wp\/v2\/comments?post=8194"}],"version-history":[{"count":7,"href":"https:\/\/www.aguram.org\/aguram\/wp-json\/wp\/v2\/posts\/8194\/revisions"}],"predecessor-version":[{"id":8386,"href":"https:\/\/www.aguram.org\/aguram\/wp-json\/wp\/v2\/posts\/8194\/revisions\/8386"}],"wp:featuredmedia":[{"embeddable":true,"href":"https:\/\/www.aguram.org\/aguram\/wp-json\/wp\/v2\/media\/8399"}],"wp:attachment":[{"href":"https:\/\/www.aguram.org\/aguram\/wp-json\/wp\/v2\/media?parent=8194"}],"wp:term":[{"taxonomy":"category","embeddable":true,"href":"https:\/\/www.aguram.org\/aguram\/wp-json\/wp\/v2\/categories?post=8194"},{"taxonomy":"post_tag","embeddable":true,"href":"https:\/\/www.aguram.org\/aguram\/wp-json\/wp\/v2\/tags?post=8194"}],"curies":[{"name":"wp","href":"https:\/\/api.w.org\/{rel}","templated":true}]}}