
{"id":8172,"date":"2024-04-22T15:23:21","date_gmt":"2024-04-22T15:23:21","guid":{"rendered":"https:\/\/www.aguram.org\/aguram\/?p=8172"},"modified":"2025-01-23T09:58:21","modified_gmt":"2025-01-23T09:58:21","slug":"politique-de-lhabitat-de-freyming-merlebach-2019-2024-bilan-a-mi-parcours","status":"publish","type":"post","link":"https:\/\/www.aguram.org\/aguram\/politique-de-lhabitat-de-freyming-merlebach-2019-2024-bilan-a-mi-parcours\/","title":{"rendered":"POLITIQUE DE L\u2019HABITAT DE FREYMING-MERLEBACH 2019-2024 : BILAN \u00c0 MI-PARCOURS"},"content":{"rendered":"\n<p><strong>Outil de d\u00e9finition et de pilotage de la politique de l\u2019habitat, le Programme local de l\u2019habitat 2019-2024 est port\u00e9 par la communaut\u00e9 de communes, avec l\u2019appui de ses partenaires, dont l\u2019agence d\u2019urbanisme. Apr\u00e8s 3 ann\u00e9es de mise en \u0153uvre, et conform\u00e9ment aux obligations l\u00e9gales, l\u2019EPCI a souhait\u00e9 \u00e9tablir un bilan \u00e0 mi-parcours des actions r\u00e9alis\u00e9es. L\u2019AGURAM a synth\u00e9tis\u00e9 les \u00e9l\u00e9ments existants pour chacune des actions du PLH &#8211; tant quantitatifs que qualitatifs &#8211; et mis un coup de projecteur sur les acquis et sur les d\u00e9fis restant \u00e0 relever, par rapport aux objectifs de d\u00e9part et aux enjeux identifi\u00e9s.<\/strong><\/p>\n\n\n\n<!--more-->\n\n\n\n<p>Le bilan r\u00e9alis\u00e9 par l\u2019agence d\u2019urbanisme porte sur la p\u00e9riode 2019-2021. Il a \u00e9t\u00e9 ent\u00e9rin\u00e9 en Conseil communautaire en d\u00e9cembre 2023.<\/p>\n\n\n<div class=\"wp-block-image\">\n<figure class=\"aligncenter size-large is-resized\"><a href=\"https:\/\/www.aguram.org\/wp-content\/uploads\/2024\/04\/BREVE_05_PLH_CC_Freyming-Merlebach_illustration2.png\"><img loading=\"lazy\" decoding=\"async\" width=\"1024\" height=\"397\" src=\"https:\/\/www.aguram.org\/wp-content\/uploads\/2024\/04\/BREVE_05_PLH_CC_Freyming-Merlebach_illustration2-1024x397.png\" alt=\"\" class=\"wp-image-8173\" style=\"width:657px;height:auto\" srcset=\"https:\/\/www.aguram.org\/wp-content\/uploads\/2024\/04\/BREVE_05_PLH_CC_Freyming-Merlebach_illustration2-1024x397.png 1024w, https:\/\/www.aguram.org\/wp-content\/uploads\/2024\/04\/BREVE_05_PLH_CC_Freyming-Merlebach_illustration2-300x116.png 300w, https:\/\/www.aguram.org\/wp-content\/uploads\/2024\/04\/BREVE_05_PLH_CC_Freyming-Merlebach_illustration2-768x298.png 768w, https:\/\/www.aguram.org\/wp-content\/uploads\/2024\/04\/BREVE_05_PLH_CC_Freyming-Merlebach_illustration2.png 1403w\" sizes=\"auto, (max-width: 1024px) 100vw, 1024px\" \/><\/a><\/figure><\/div>\n\n\n<p><strong>Que retenir ? Quels grands enjeux\u00a0?<\/strong><\/p>\n\n\n\n<ul class=\"wp-block-list\">\n<li>Une <strong>perte de 1 263 habitants <\/strong>qui s\u2019inscrit dans un mouvement de d\u00e9prise g\u00e9n\u00e9rale du bassin houiller : sur le plan d\u00e9mographique, le territoire est en retrait, avec une \u00e9volution en berne (-0,65 % entre 2014 et 2020) principalement li\u00e9e \u00e0 un solde migratoire n\u00e9gatif (plus de d\u00e9parts que d\u2019arriv\u00e9es, non compens\u00e9s par le solde naturel).<\/li>\n\n\n\n<li><strong>100 logements commenc\u00e9s en 3 ans sur 192 pr\u00e9vus<\/strong>&nbsp;: une faible production, en dessous des objectifs fix\u00e9s. Les initiatives majeures concernant la production nouvelle sont principalement port\u00e9es par les collectivit\u00e9s (lotissements, ZAC).<\/li>\n\n\n\n<li><strong>Une vacance qui augmente dans le parc locatif priv\u00e9<\/strong>, corr\u00e9l\u00e9e \u00e0 une d\u00e9prise de certains secteurs et \u00e0 une perte globale d\u2019attractivit\u00e9 des centres villes, mais un souhait de l\u2019EPCI de travailler \u00e0 l\u2019am\u00e9lioration de ce parc avec la mise en \u0153uvre d\u2019une Op\u00e9ration programm\u00e9e d\u2019am\u00e9lioration de l\u2019habitat depuis mars 2021.<\/li>\n\n\n\n<li>Dans le parc social, on retiendra notamment\u00a0:\n<ul class=\"wp-block-list\">\n<li><strong>quelques op\u00e9rations lourdes de d\u00e9molition\/r\u00e9habilitation<\/strong> <strong>ayant permis de<\/strong> <strong>restructurer certains secteurs<\/strong>, notamment dans les quartiers prioritaires, en diminuant la vacance et en s\u2019adaptant aux besoins des publics actuels.<\/li>\n\n\n\n<li>une production de logements sociaux tr\u00e8s limit\u00e9e, qui accompagne le n\u00e9cessaire resserrement du parc, dans un contexte de march\u00e9 d\u00e9tendu.<\/li>\n<\/ul>\n<\/li>\n\n\n\n<li><strong>Des efforts importants en faveur de la r\u00e9novation urbaine dans les quartiers prioritaires<\/strong> des communes de Hombourg-Haut et Freyming-Merlebach t\u00e9moignant d\u2019une synergie entre l\u2019EPCI et les communes concern\u00e9es.<\/li>\n<\/ul>\n\n\n\n<p><em>L\u2019ensemble des documents relatifs \u00e0 ce bilan seront disponibles prochainement en t\u00e9l\u00e9chargement sur cette page. <\/em><em>&nbsp;&nbsp;&nbsp;&nbsp;&nbsp;<\/em><em><\/em><\/p>\n","protected":false},"excerpt":{"rendered":"<p>Outil de d\u00e9finition et de pilotage de la politique de l\u2019habitat, le Programme local de l\u2019habitat 2019-2024 est port\u00e9 par la communaut\u00e9 de communes, avec l\u2019appui de ses partenaires, dont l\u2019agence d\u2019urbanisme. Apr\u00e8s 3 ann\u00e9es de mise en \u0153uvre, et conform\u00e9ment aux obligations l\u00e9gales, l\u2019EPCI a souhait\u00e9 \u00e9tablir un bilan \u00e0 mi-parcours des actions r\u00e9alis\u00e9es. [&hellip;]<\/p>\n","protected":false},"author":4,"featured_media":8174,"comment_status":"closed","ping_status":"closed","sticky":false,"template":"","format":"standard","meta":{"footnotes":""},"categories":[50],"tags":[1168,551,1167,552],"class_list":["post-8172","post","type-post","status-publish","format-standard","has-post-thumbnail","hentry","category-habitat-societe","tag-freyming-merlebach","tag-habitat-2","tag-pdh","tag-plh-2"],"jetpack_featured_media_url":"https:\/\/www.aguram.org\/wp-content\/uploads\/2024\/04\/BREVE_05_PLH_CC_Freyming-Merlebach_illustration-e1713799396720.png","_links":{"self":[{"href":"https:\/\/www.aguram.org\/aguram\/wp-json\/wp\/v2\/posts\/8172","targetHints":{"allow":["GET"]}}],"collection":[{"href":"https:\/\/www.aguram.org\/aguram\/wp-json\/wp\/v2\/posts"}],"about":[{"href":"https:\/\/www.aguram.org\/aguram\/wp-json\/wp\/v2\/types\/post"}],"author":[{"embeddable":true,"href":"https:\/\/www.aguram.org\/aguram\/wp-json\/wp\/v2\/users\/4"}],"replies":[{"embeddable":true,"href":"https:\/\/www.aguram.org\/aguram\/wp-json\/wp\/v2\/comments?post=8172"}],"version-history":[{"count":1,"href":"https:\/\/www.aguram.org\/aguram\/wp-json\/wp\/v2\/posts\/8172\/revisions"}],"predecessor-version":[{"id":8175,"href":"https:\/\/www.aguram.org\/aguram\/wp-json\/wp\/v2\/posts\/8172\/revisions\/8175"}],"wp:featuredmedia":[{"embeddable":true,"href":"https:\/\/www.aguram.org\/aguram\/wp-json\/wp\/v2\/media\/8174"}],"wp:attachment":[{"href":"https:\/\/www.aguram.org\/aguram\/wp-json\/wp\/v2\/media?parent=8172"}],"wp:term":[{"taxonomy":"category","embeddable":true,"href":"https:\/\/www.aguram.org\/aguram\/wp-json\/wp\/v2\/categories?post=8172"},{"taxonomy":"post_tag","embeddable":true,"href":"https:\/\/www.aguram.org\/aguram\/wp-json\/wp\/v2\/tags?post=8172"}],"curies":[{"name":"wp","href":"https:\/\/api.w.org\/{rel}","templated":true}]}}