
{"id":7945,"date":"2024-03-06T10:40:48","date_gmt":"2024-03-06T10:40:48","guid":{"rendered":"https:\/\/www.aguram.org\/aguram\/?p=7945"},"modified":"2024-04-22T14:15:56","modified_gmt":"2024-04-22T14:15:56","slug":"sraddet-grand-est-renforcement-du-volet-adaptation-au-changement-climatique","status":"publish","type":"post","link":"https:\/\/www.aguram.org\/aguram\/sraddet-grand-est-renforcement-du-volet-adaptation-au-changement-climatique\/","title":{"rendered":"SRADDET GRAND EST \/ RENFORCEMENT DU VOLET ADAPTATION AU CHANGEMENT CLIMATIQUE"},"content":{"rendered":"\n<p><strong>Les 7 agences d&rsquo;urbanisme du Grand Est ont r\u00e9alis\u00e9 un recueil de retours d&rsquo;exp\u00e9riences pour valoriser les d\u00e9marches d\u2019adaptation au changement climatique exemplaires dans notre r\u00e9gion.<\/strong><\/p>\n\n\n\n<!--more-->\n\n\n\n<p class=\"has-black-color has-text-color has-link-color wp-elements-feedf27a9a06649b0a55c1ddab7fe6f1\">La R\u00e9gion Grand Est a engag\u00e9 la modification du <strong><a href=\"https:\/\/www.grandest.fr\/politiques-publiques\/sraddet\/\" target=\"_blank\" rel=\"noreferrer noopener\">Sch\u00e9ma r\u00e9gional d&rsquo;am\u00e9nagement, de d\u00e9veloppement durable et d&rsquo;\u00e9galit\u00e9 des territoires<\/a><\/strong>, d\u00e9nomm\u00e9 \u00ab Grand Est Territoires \u00bb, \u00e0 la fin de l\u2019ann\u00e9e 2021. Elle a souhait\u00e9 que cette 1<sup>\u00e8re<\/sup> \u00e9volution soit impr\u00e9gn\u00e9e d\u2019une pr\u00e9occupation transverse&nbsp;: l\u2019<strong>adaptation au changement climatique<\/strong>, en particulier \u00e0 la suite de la parution du 6<sup>e<\/sup> rapport du Giec (\u00e9t\u00e9 2021).<\/p>\n\n\n\n<p>La R\u00e9gion a fait appel au r\u00e9seau des 7 agences d\u2019urbanisme du Grand Est (7Est), dont l&rsquo;AGURAM fait partie, pour analyser le Sraddet actuel, faire des propositions de compl\u00e9ments pour renforcer l\u2019adaptation au changement climatique, mais \u00e9galement pour valoriser les d\u00e9marches d\u2019adaptation exemplaires dans la r\u00e9gion. Cette mission a \u00e9t\u00e9 pilot\u00e9e par l\u2019AGURAM et l\u2019agence d\u2019urbanisme de Reims, avec la contribution des 5 autres agences du Grand Est.<\/p>\n","protected":false},"excerpt":{"rendered":"<p>Les 7 agences d&rsquo;urbanisme du Grand Est ont r\u00e9alis\u00e9 un recueil de retours d&rsquo;exp\u00e9riences pour valoriser les d\u00e9marches d\u2019adaptation au changement climatique exemplaires dans notre r\u00e9gion.<\/p>\n","protected":false},"author":4,"featured_media":7949,"comment_status":"closed","ping_status":"closed","sticky":false,"template":"","format":"standard","meta":{"footnotes":""},"categories":[53,80],"tags":[661,1107,1106,773,965,770,771],"class_list":["post-7945","post","type-post","status-publish","format-standard","has-post-thumbnail","hentry","category-cooperations-territoriales","category-environnement-energie-climat","tag-7est-2","tag-adaptation","tag-changement-climatique","tag-grand-est-territoire","tag-region-2","tag-sraddet-2","tag-zest-2"],"jetpack_featured_media_url":"https:\/\/www.aguram.org\/wp-content\/uploads\/2024\/03\/Adaptation-e1709721893681.png","_links":{"self":[{"href":"https:\/\/www.aguram.org\/aguram\/wp-json\/wp\/v2\/posts\/7945","targetHints":{"allow":["GET"]}}],"collection":[{"href":"https:\/\/www.aguram.org\/aguram\/wp-json\/wp\/v2\/posts"}],"about":[{"href":"https:\/\/www.aguram.org\/aguram\/wp-json\/wp\/v2\/types\/post"}],"author":[{"embeddable":true,"href":"https:\/\/www.aguram.org\/aguram\/wp-json\/wp\/v2\/users\/4"}],"replies":[{"embeddable":true,"href":"https:\/\/www.aguram.org\/aguram\/wp-json\/wp\/v2\/comments?post=7945"}],"version-history":[{"count":2,"href":"https:\/\/www.aguram.org\/aguram\/wp-json\/wp\/v2\/posts\/7945\/revisions"}],"predecessor-version":[{"id":8163,"href":"https:\/\/www.aguram.org\/aguram\/wp-json\/wp\/v2\/posts\/7945\/revisions\/8163"}],"wp:featuredmedia":[{"embeddable":true,"href":"https:\/\/www.aguram.org\/aguram\/wp-json\/wp\/v2\/media\/7949"}],"wp:attachment":[{"href":"https:\/\/www.aguram.org\/aguram\/wp-json\/wp\/v2\/media?parent=7945"}],"wp:term":[{"taxonomy":"category","embeddable":true,"href":"https:\/\/www.aguram.org\/aguram\/wp-json\/wp\/v2\/categories?post=7945"},{"taxonomy":"post_tag","embeddable":true,"href":"https:\/\/www.aguram.org\/aguram\/wp-json\/wp\/v2\/tags?post=7945"}],"curies":[{"name":"wp","href":"https:\/\/api.w.org\/{rel}","templated":true}]}}