
{"id":7891,"date":"2024-02-01T14:07:20","date_gmt":"2024-02-01T14:07:20","guid":{"rendered":"https:\/\/www.aguram.org\/aguram\/?p=7891"},"modified":"2024-02-01T14:07:51","modified_gmt":"2024-02-01T14:07:51","slug":"aguram-50-ans-damenagement-du-territoire","status":"publish","type":"post","link":"https:\/\/www.aguram.org\/aguram\/aguram-50-ans-damenagement-du-territoire\/","title":{"rendered":"AGURAM : 50 ans d\u2019am\u00e9nagement du territoire !"},"content":{"rendered":"\n<p><strong>Accompagner les collectivit\u00e9s et les acteurs de l\u2019am\u00e9nagement du territoire dans leurs diff\u00e9rents projets, c\u2019est la raison d\u2019\u00eatre de l\u2019Agence d\u2019urbanisme d\u2019agglom\u00e9rations de Moselle, qui f\u00eate cette ann\u00e9e son 50e anniversaire. Occasion saisie par le magazine d&rsquo;informations r\u00e9gionales <em><a href=\"https:\/\/www.lasemaine.fr\/\" target=\"_blank\" rel=\"noreferrer noopener\">La Semaine<\/a><\/em> pour en savoir un peu plus sur notre organisme d\u2019\u00e9tude et d\u2019ing\u00e9nierie au service de l\u2019int\u00e9r\u00eat g\u00e9n\u00e9ral&#8230; <\/strong><\/p>\n\n\n\n<!--more-->\n\n\n<div class=\"wp-block-image\">\n<figure class=\"aligncenter size-large\"><a href=\"https:\/\/www.aguram.org\/wp-content\/uploads\/2024\/02\/50ANS.png\"><img loading=\"lazy\" decoding=\"async\" width=\"823\" height=\"1024\" src=\"https:\/\/www.aguram.org\/wp-content\/uploads\/2024\/02\/50ANS-823x1024.png\" alt=\"\" class=\"wp-image-7892\" srcset=\"https:\/\/www.aguram.org\/wp-content\/uploads\/2024\/02\/50ANS-823x1024.png 823w, https:\/\/www.aguram.org\/wp-content\/uploads\/2024\/02\/50ANS-241x300.png 241w, https:\/\/www.aguram.org\/wp-content\/uploads\/2024\/02\/50ANS-768x956.png 768w, https:\/\/www.aguram.org\/wp-content\/uploads\/2024\/02\/50ANS.png 944w\" sizes=\"auto, (max-width: 823px) 100vw, 823px\" \/><\/a><\/figure><\/div>","protected":false},"excerpt":{"rendered":"<p>Accompagner les collectivit\u00e9s et les acteurs de l\u2019am\u00e9nagement du territoire dans leurs diff\u00e9rents projets, c\u2019est la raison d\u2019\u00eatre de l\u2019Agence d\u2019urbanisme d\u2019agglom\u00e9rations de Moselle, qui f\u00eate cette ann\u00e9e son 50e anniversaire. Occasion saisie par le magazine d&rsquo;informations r\u00e9gionales La Semaine pour en savoir un peu plus sur notre organisme d\u2019\u00e9tude et d\u2019ing\u00e9nierie au service de [&hellip;]<\/p>\n","protected":false},"author":4,"featured_media":7894,"comment_status":"closed","ping_status":"closed","sticky":false,"template":"","format":"standard","meta":{"footnotes":""},"categories":[47,29,45],"tags":[1134,1135],"class_list":["post-7891","post","type-post","status-publish","format-standard","has-post-thumbnail","hentry","category-agence","category-breves-aguram","category-evenement","tag-50-ans-aguram","tag-la-semaine"],"jetpack_featured_media_url":"https:\/\/www.aguram.org\/wp-content\/uploads\/2024\/02\/50-ANS-AGURAM-LA-SEMAINE.png","_links":{"self":[{"href":"https:\/\/www.aguram.org\/aguram\/wp-json\/wp\/v2\/posts\/7891","targetHints":{"allow":["GET"]}}],"collection":[{"href":"https:\/\/www.aguram.org\/aguram\/wp-json\/wp\/v2\/posts"}],"about":[{"href":"https:\/\/www.aguram.org\/aguram\/wp-json\/wp\/v2\/types\/post"}],"author":[{"embeddable":true,"href":"https:\/\/www.aguram.org\/aguram\/wp-json\/wp\/v2\/users\/4"}],"replies":[{"embeddable":true,"href":"https:\/\/www.aguram.org\/aguram\/wp-json\/wp\/v2\/comments?post=7891"}],"version-history":[{"count":2,"href":"https:\/\/www.aguram.org\/aguram\/wp-json\/wp\/v2\/posts\/7891\/revisions"}],"predecessor-version":[{"id":7896,"href":"https:\/\/www.aguram.org\/aguram\/wp-json\/wp\/v2\/posts\/7891\/revisions\/7896"}],"wp:featuredmedia":[{"embeddable":true,"href":"https:\/\/www.aguram.org\/aguram\/wp-json\/wp\/v2\/media\/7894"}],"wp:attachment":[{"href":"https:\/\/www.aguram.org\/aguram\/wp-json\/wp\/v2\/media?parent=7891"}],"wp:term":[{"taxonomy":"category","embeddable":true,"href":"https:\/\/www.aguram.org\/aguram\/wp-json\/wp\/v2\/categories?post=7891"},{"taxonomy":"post_tag","embeddable":true,"href":"https:\/\/www.aguram.org\/aguram\/wp-json\/wp\/v2\/tags?post=7891"}],"curies":[{"name":"wp","href":"https:\/\/api.w.org\/{rel}","templated":true}]}}