
{"id":7672,"date":"2023-12-05T13:33:00","date_gmt":"2023-12-05T13:33:00","guid":{"rendered":"https:\/\/www.aguram.org\/aguram\/?p=7672"},"modified":"2023-12-11T15:19:07","modified_gmt":"2023-12-11T15:19:07","slug":"cafe-debat-marche-du-logement-neuf-dans-leurometropole-de-metz-dynamiques-leviers-daction","status":"publish","type":"post","link":"https:\/\/www.aguram.org\/aguram\/cafe-debat-marche-du-logement-neuf-dans-leurometropole-de-metz-dynamiques-leviers-daction\/","title":{"rendered":"LOGEMENT NEUF DANS L\u2019EUROM\u00c9TROPOLE : RETOUR SUR NOTRE CAF\u00c9-D\u00c9BAT &amp; NOS PUBLICATIONS"},"content":{"rendered":"\n<p><strong>En partenariat avec l\u2019Eurom\u00e9tropole de Metz, l\u2019AGURAM r\u00e9alise un travail d\u2019analyse et de suivi des dynamiques immobili\u00e8res locales. Pour faire le point sur les enjeux et envisager des pistes d\u2019action, l\u2019agence a organis\u00e9 un caf\u00e9-d\u00e9bat le 19 octobre dernier. Accueillis par Patricia Gout, directrice g\u00e9n\u00e9rale et Fr\u00e9d\u00e9ric Navrot, vice-pr\u00e9sident de l\u2019Eurom\u00e9tropole de Metz d\u00e9l\u00e9gu\u00e9 Habitat et logement, une quarantaine de participants ont profit\u00e9 d\u2019un coup de projecteur sur la ma\u00eetrise des co\u00fbts dans les op\u00e9rations d\u2019am\u00e9nagement. L\u2019Organisme de foncier solidaire du Sillon lorrain a \u00e9t\u00e9 pr\u00e9sent\u00e9 par Audrey Saracca et Matthieu Biguenet (son directeur). Henri Hasser, 3<sup>e<\/sup> vice-pr\u00e9sident de l\u2019Eurom\u00e9tropole de Metz d\u00e9l\u00e9gu\u00e9 Planification et urbanisme a conclu l\u2019\u00e9v\u00e8nement. Retrouvez nos derni\u00e8res publications sur le sujet.<\/strong><\/p>\n\n\n\n<!--more-->\n\n\n\n<ul class=\"wp-block-list\">\n<li><strong><a href=\"https:\/\/www.aguram.org\/wp-content\/uploads\/2023\/06\/zoom_logement_neuf_EMM_juin_2023.pdf\" target=\"_blank\" rel=\"noreferrer noopener\">Reper\u2019AGURAM \/ March\u00e9 du logement neuf dans l\u2019Eurom\u00e9tropole de Metz<\/a><\/strong>, juin 2023<\/li>\n<\/ul>\n\n\n\n<ul class=\"wp-block-list\">\n<li><strong><a href=\"https:\/\/www.aguram.org\/wp-content\/uploads\/2023\/08\/Reper_logement_senior_web.pdf\" target=\"_blank\" rel=\"noreferrer noopener\">Rep\u00e8r&rsquo; AGURAM \/ Eurom\u00e9tropole de Metz &#8211; Logement senior<\/a><\/strong>, septembre 2023<\/li>\n<\/ul>\n\n\n\n<ul class=\"wp-block-list\">\n<li><strong><a href=\"https:\/\/www.aguram.org\/wp-content\/uploads\/2023\/08\/Etude_logement_senior.pdf\" target=\"_blank\" rel=\"noreferrer noopener\">\u00c9tude AGURAM \/ Eurom\u00e9tropole de Metz &#8211; Logement senior<\/a><\/strong>, septembre 2023<\/li>\n<\/ul>\n\n\n\n<ul class=\"wp-block-list\">\n<li><strong><a href=\"https:\/\/www.aguram.org\/wp-content\/uploads\/2023\/10\/avis-fnau-n12_ofs_brse_v5.pdf\" target=\"_blank\" rel=\"noreferrer noopener\">Avis Fnau \/ 20 propositions pour d\u00e9ployer les OFS-BRS &amp; mieux r\u00e9pondre aux besoins en logement<\/a><\/strong>, octobre 2023<\/li>\n<\/ul>\n\n\n\n<ul class=\"wp-block-list\">\n<li><strong><a rel=\"noreferrer noopener\" href=\"https:\/\/www.aguram.org\/wp-content\/uploads\/2023\/03\/Zoom_logement_neuf_metropole_web.pdf\" target=\"_blank\">\u00c9tude AGURAM \/ Les dynamiques immobili\u00e8res du logement neuf dans la m\u00e9tropol<\/a><a rel=\"noreferrer noopener\" href=\"https:\/\/www.aguram.org\/wp-content\/uploads\/2023\/03\/Zoom_logement_neuf_metropole_web.pdf\" target=\"_blank\">e<\/a><a rel=\"noreferrer noopener\" href=\"https:\/\/www.aguram.org\/wp-content\/uploads\/2023\/03\/Zoom_logement_neuf_metropole_web.pdf\" target=\"_blank\"> <\/a><a rel=\"noreferrer noopener\" href=\"https:\/\/www.aguram.org\/wp-content\/uploads\/2023\/03\/Zoom_logement_neuf_metropole_web.pdf\" target=\"_blank\">m<\/a><a rel=\"noreferrer noopener\" href=\"https:\/\/www.aguram.org\/wp-content\/uploads\/2023\/03\/Zoom_logement_neuf_metropole_web.pdf\" target=\"_blank\">e<\/a><a rel=\"noreferrer noopener\" href=\"https:\/\/www.aguram.org\/wp-content\/uploads\/2023\/03\/Zoom_logement_neuf_metropole_web.pdf\" target=\"_blank\">s<\/a><a rel=\"noreferrer noopener\" href=\"https:\/\/www.aguram.org\/wp-content\/uploads\/2023\/03\/Zoom_logement_neuf_metropole_web.pdf\" target=\"_blank\">s<\/a><a rel=\"noreferrer noopener\" href=\"https:\/\/www.aguram.org\/wp-content\/uploads\/2023\/03\/Zoom_logement_neuf_metropole_web.pdf\" target=\"_blank\">i<\/a><a rel=\"noreferrer noopener\" href=\"https:\/\/www.aguram.org\/wp-content\/uploads\/2023\/03\/Zoom_logement_neuf_metropole_web.pdf\" target=\"_blank\">n<\/a><a rel=\"noreferrer noopener\" href=\"https:\/\/www.aguram.org\/wp-content\/uploads\/2023\/03\/Zoom_logement_neuf_metropole_web.pdf\" target=\"_blank\">e<\/a><\/strong>, octobre 2022<\/li>\n<\/ul>\n","protected":false},"excerpt":{"rendered":"<p>En partenariat avec l\u2019Eurom\u00e9tropole de Metz, l\u2019AGURAM r\u00e9alise un travail d\u2019analyse et de suivi des dynamiques immobili\u00e8res locales. Pour faire le point sur les enjeux et envisager des pistes d\u2019action, l\u2019agence a organis\u00e9 un caf\u00e9-d\u00e9bat le 19 octobre dernier. Accueillis par Patricia Gout, directrice g\u00e9n\u00e9rale et Fr\u00e9d\u00e9ric Navrot, vice-pr\u00e9sident de l\u2019Eurom\u00e9tropole de Metz d\u00e9l\u00e9gu\u00e9 Habitat [&hellip;]<\/p>\n","protected":false},"author":4,"featured_media":7840,"comment_status":"closed","ping_status":"closed","sticky":false,"template":"","format":"standard","meta":{"footnotes":""},"categories":[47,520,45,866],"tags":[486,1116,895,1115,749,1100,404],"class_list":["post-7672","post","type-post","status-publish","format-standard","has-post-thumbnail","hentry","category-agence","category-metz-metropole","category-evenement","category-habitat","tag-cafe-2","tag-debat-2","tag-eurometropole","tag-habitatlogement-neuf","tag-immobilier-2","tag-marche-du-logement","tag-metz-2"],"jetpack_featured_media_url":"https:\/\/www.aguram.org\/wp-content\/uploads\/2023\/10\/07.-BREVE_Retour_sur_Cafe_logement_neuf_illustration1.png","_links":{"self":[{"href":"https:\/\/www.aguram.org\/aguram\/wp-json\/wp\/v2\/posts\/7672","targetHints":{"allow":["GET"]}}],"collection":[{"href":"https:\/\/www.aguram.org\/aguram\/wp-json\/wp\/v2\/posts"}],"about":[{"href":"https:\/\/www.aguram.org\/aguram\/wp-json\/wp\/v2\/types\/post"}],"author":[{"embeddable":true,"href":"https:\/\/www.aguram.org\/aguram\/wp-json\/wp\/v2\/users\/4"}],"replies":[{"embeddable":true,"href":"https:\/\/www.aguram.org\/aguram\/wp-json\/wp\/v2\/comments?post=7672"}],"version-history":[{"count":9,"href":"https:\/\/www.aguram.org\/aguram\/wp-json\/wp\/v2\/posts\/7672\/revisions"}],"predecessor-version":[{"id":7841,"href":"https:\/\/www.aguram.org\/aguram\/wp-json\/wp\/v2\/posts\/7672\/revisions\/7841"}],"wp:featuredmedia":[{"embeddable":true,"href":"https:\/\/www.aguram.org\/aguram\/wp-json\/wp\/v2\/media\/7840"}],"wp:attachment":[{"href":"https:\/\/www.aguram.org\/aguram\/wp-json\/wp\/v2\/media?parent=7672"}],"wp:term":[{"taxonomy":"category","embeddable":true,"href":"https:\/\/www.aguram.org\/aguram\/wp-json\/wp\/v2\/categories?post=7672"},{"taxonomy":"post_tag","embeddable":true,"href":"https:\/\/www.aguram.org\/aguram\/wp-json\/wp\/v2\/tags?post=7672"}],"curies":[{"name":"wp","href":"https:\/\/api.w.org\/{rel}","templated":true}]}}