
{"id":7346,"date":"2023-05-25T14:01:07","date_gmt":"2023-05-25T14:01:07","guid":{"rendered":"https:\/\/www.aguram.org\/aguram\/?p=7346"},"modified":"2023-05-26T07:29:46","modified_gmt":"2023-05-26T07:29:46","slug":"petites-villes-de-demain-comment-passer-a-loperationnel","status":"publish","type":"post","link":"https:\/\/www.aguram.org\/aguram\/petites-villes-de-demain-comment-passer-a-loperationnel\/","title":{"rendered":"PETITES VILLES DE DEMAIN : COMMENT PASSER \u00c0 L&rsquo;OP\u00c9RATIONNEL ?"},"content":{"rendered":"\n<p><strong>Am\u00e9liorer la qualit\u00e9 de vie dans les petites centralit\u00e9s et les territoires ruraux : c&rsquo;est l&rsquo;objectif du dispositif Petites villes de demain (PVD) lanc\u00e9 en 2019. En compl\u00e9ment du programme d&rsquo;appui national, les agences d&rsquo;urbanisme lorraines (Agape, Aguram, Scalen) et sud-alsacienne (Afut) accompagnent les chefs de projet PVD dans la construction et la mise en \u0153uvre de leur strat\u00e9gie de redynamisation. Elles ont notamment organis\u00e9, en f\u00e9vrier 2023, une journ\u00e9e de s\u00e9minaire, suivie d&rsquo;une synth\u00e8se p\u00e9dagogique.<\/strong><\/p>\n\n\n\n<!--more-->\n\n\n\n<p>Organis\u00e9 \u00e0 un moment charni\u00e8re du dispositif PVD (la finalisation des programmes d&rsquo;action), ce s\u00e9minaire a permis : <\/p>\n\n\n\n<ul class=\"wp-block-list\"><li>un partage d&rsquo;expertise de la part des agences d&rsquo;urbanisme (m\u00e9thodologie\/strat\u00e9gie urbaine) ; <\/li><li>des \u00e9changes et retours d&rsquo;exp\u00e9rience autour de cas concrets rencontr\u00e9s par les chefs de projet.<\/li><\/ul>\n\n\n\n<p>Les principaux enseignements de cette journ\u00e9e sont pr\u00e9sent\u00e9s dans une synth\u00e8se p\u00e9dagogique, \u00e0 d\u00e9couvrir d\u00e8s \u00e0 pr\u00e9sent !<\/p>\n","protected":false},"excerpt":{"rendered":"<p>Am\u00e9liorer la qualit\u00e9 de vie dans les petites centralit\u00e9s et les territoires ruraux : c&rsquo;est l&rsquo;objectif du dispositif Petites villes de demain (PVD) lanc\u00e9 en 2019. En compl\u00e9ment du programme d&rsquo;appui national, les agences d&rsquo;urbanisme lorraines (Agape, Aguram, Scalen) et sud-alsacienne (Afut) accompagnent les chefs de projet PVD dans la construction et la mise en [&hellip;]<\/p>\n","protected":false},"author":4,"featured_media":7356,"comment_status":"closed","ping_status":"closed","sticky":false,"template":"","format":"standard","meta":{"footnotes":""},"categories":[1,94],"tags":[1086,1031,799,1087,1085,138],"class_list":["post-7346","post","type-post","status-publish","format-standard","has-post-thumbnail","hentry","category-aguram","category-projets-urbains","tag-centres-bourgs","tag-centres-villes","tag-petites-villes-de-demain","tag-projets-urbains","tag-pvd","tag-redynamisation"],"jetpack_featured_media_url":"https:\/\/www.aguram.org\/wp-content\/uploads\/2023\/05\/PVD-e1685022982812.png","_links":{"self":[{"href":"https:\/\/www.aguram.org\/aguram\/wp-json\/wp\/v2\/posts\/7346","targetHints":{"allow":["GET"]}}],"collection":[{"href":"https:\/\/www.aguram.org\/aguram\/wp-json\/wp\/v2\/posts"}],"about":[{"href":"https:\/\/www.aguram.org\/aguram\/wp-json\/wp\/v2\/types\/post"}],"author":[{"embeddable":true,"href":"https:\/\/www.aguram.org\/aguram\/wp-json\/wp\/v2\/users\/4"}],"replies":[{"embeddable":true,"href":"https:\/\/www.aguram.org\/aguram\/wp-json\/wp\/v2\/comments?post=7346"}],"version-history":[{"count":11,"href":"https:\/\/www.aguram.org\/aguram\/wp-json\/wp\/v2\/posts\/7346\/revisions"}],"predecessor-version":[{"id":7369,"href":"https:\/\/www.aguram.org\/aguram\/wp-json\/wp\/v2\/posts\/7346\/revisions\/7369"}],"wp:featuredmedia":[{"embeddable":true,"href":"https:\/\/www.aguram.org\/aguram\/wp-json\/wp\/v2\/media\/7356"}],"wp:attachment":[{"href":"https:\/\/www.aguram.org\/aguram\/wp-json\/wp\/v2\/media?parent=7346"}],"wp:term":[{"taxonomy":"category","embeddable":true,"href":"https:\/\/www.aguram.org\/aguram\/wp-json\/wp\/v2\/categories?post=7346"},{"taxonomy":"post_tag","embeddable":true,"href":"https:\/\/www.aguram.org\/aguram\/wp-json\/wp\/v2\/tags?post=7346"}],"curies":[{"name":"wp","href":"https:\/\/api.w.org\/{rel}","templated":true}]}}