
{"id":7295,"date":"2023-05-23T09:29:14","date_gmt":"2023-05-23T09:29:14","guid":{"rendered":"https:\/\/www.aguram.org\/aguram\/?p=7295"},"modified":"2023-05-26T07:28:57","modified_gmt":"2023-05-26T07:28:57","slug":"retour-sur-la-visite-du-marais-du-grand-saulcy","status":"publish","type":"post","link":"https:\/\/www.aguram.org\/aguram\/retour-sur-la-visite-du-marais-du-grand-saulcy\/","title":{"rendered":"RETOUR SUR LA VISITE DU MARAIS DU GRAND SAULCY"},"content":{"rendered":"\n<p><strong>Comment pr\u00e9server un milieu naturel aux portes de la ville ? Comment concilier protection et valorisation ? Quels sont les acteurs impliqu\u00e9s et les financements mobilisables ? Pour r\u00e9pondre \u00e0 ces questions, l\u2019AGURAM a invit\u00e9 plusieurs \u00e9lu.e.s et technicien.ne.s \u00e0 visiter le marais du Grand Saulcy, un site naturel remarquable au c\u0153ur de la m\u00e9tropole messine. <\/strong><\/p>\n\n\n\n<!--more-->\n\n\n\n<p>Le vendredi 12 mai dernier, une trentaine de participant.e.s ont pu (re)d\u00e9couvrir cette <strong>vaste zone humide<\/strong> situ\u00e9e sur la commune de Moulins-l\u00e8s-Metz et g\u00e9r\u00e9e par le Conservatoire d&rsquo;espaces naturels (CEN) de Lorraine. Un moment hors du temps qui a permis au groupe d&rsquo;appr\u00e9cier une faune et une flore remarquables, mais aussi d&rsquo;\u00e9changer sur les enjeux de biodiversit\u00e9 et de pr\u00e9servation des zones humides.<\/p>\n\n\n\n<p>D\u00e9tail du programme et des intervant.e.s :<\/p>\n\n\n\n<ul class=\"wp-block-list\"><li><strong>Introduction et pr\u00e9sentation des enjeux de biodiversit\u00e9 m\u00e9tropolitaine<\/strong><br>Patricia Gout, directrice g\u00e9n\u00e9rale de l\u2019AGURAM<br>Marion Suaire, responsable du p\u00f4le environnement, \u00e9nergie &amp; climat \u00e0 l\u2019AGURAM<\/li><li><strong>L\u2019int\u00e9r\u00eat des zones humides et l\u2019inventaire men\u00e9 par l\u2019Eurom\u00e9tropole de Metz<\/strong><br>Florent Hayotte, charg\u00e9 d\u2019op\u00e9ration GEMAPI \u00e0 l\u2019Eurom\u00e9tropole de Metz<br>Ambre Baxa, assistante d\u2019op\u00e9ration GEMAPI \u00e0 l\u2019Eurom\u00e9tropole de Metz<\/li><li><strong>L\u2019histoire singuli\u00e8re du site et le projet de valorisation<\/strong><br>Laura Jaillard, charg\u00e9e de mission territoriale au CEN de Lorraine<br>G\u00e9rard Botella, adjoint au maire de Sainte-Ruffine<\/li><li><strong>La faune et la flore pr\u00e9sentes et le mode de gestion du site<\/strong><br>Nicolas Avril, charg\u00e9 d\u2019animation nature au CEN de Lorraine<\/li><li><strong>Les actions et aides de l\u2019Agence de l\u2019eau Rhin-Meuse et de la R\u00e9gion Grand Est<\/strong><br>\u00c9milie Henniaux, charg\u00e9e d\u2019intervention \u00e0 l\u2019Agence de l\u2019eau Rhin-Meuse<br>Alexandra Rossi, charg\u00e9e de mission biodiversit\u00e9 \u00e0 la R\u00e9gion Grand Est<\/li><\/ul>\n\n\n\n<p><a href=\"https:\/\/www.aguram.org\/wp-content\/uploads\/2023\/05\/carte_v2_AT_2-scaled.jpg\" target=\"_blank\" rel=\"noreferrer noopener\">Cliquez ici<\/a> pour visualiser le parcours emprunt\u00e9.<\/p>\n\n\n\n<p><strong>Vous souhaitez en apprendre + sur le marais du Grand Saulcy et les zones humides ? L&rsquo;AGURAM vous propose une synth\u00e8se des infos \u00e0 retenir (cliquez pour zoomer) :<\/strong><\/p>\n\n\n\n<figure class=\"wp-block-image size-large\"><a href=\"https:\/\/www.aguram.org\/wp-content\/uploads\/2023\/05\/Valorisation_visite_MGS-1.pdf\"><img loading=\"lazy\" decoding=\"async\" width=\"583\" height=\"1024\" src=\"https:\/\/www.aguram.org\/wp-content\/uploads\/2023\/05\/Valorisation_visite_MGS_v2-583x1024.png\" alt=\"\" class=\"wp-image-7334\" srcset=\"https:\/\/www.aguram.org\/wp-content\/uploads\/2023\/05\/Valorisation_visite_MGS_v2-583x1024.png 583w, https:\/\/www.aguram.org\/wp-content\/uploads\/2023\/05\/Valorisation_visite_MGS_v2-171x300.png 171w, https:\/\/www.aguram.org\/wp-content\/uploads\/2023\/05\/Valorisation_visite_MGS_v2-768x1350.png 768w, https:\/\/www.aguram.org\/wp-content\/uploads\/2023\/05\/Valorisation_visite_MGS_v2-874x1536.png 874w, https:\/\/www.aguram.org\/wp-content\/uploads\/2023\/05\/Valorisation_visite_MGS_v2-1165x2048.png 1165w, https:\/\/www.aguram.org\/wp-content\/uploads\/2023\/05\/Valorisation_visite_MGS_v2.png 1949w\" sizes=\"auto, (max-width: 583px) 100vw, 583px\" \/><\/a><\/figure>\n\n\n\n<p>Enfin, retrouvez ci-dessous l&rsquo;<strong>article du R\u00e9publicain lorrain<\/strong> consacr\u00e9 \u00e0 l&rsquo;\u00e9v\u00e8nement.<\/p>\n\n\n\n<p>L&rsquo;AGURAM remercie chaleureusement l&rsquo;ensemble des participants pour la qualit\u00e9 des \u00e9changes. <\/p>\n\n\n\n<p>En tant que plateforme de ressources et d&rsquo;animation des territoires, l&rsquo;agence propose des caf\u00e9s-d\u00e9bats, visites et conf\u00e9rences tout au long de l&rsquo;ann\u00e9e.<\/p>\n","protected":false},"excerpt":{"rendered":"<p>Comment pr\u00e9server un milieu naturel aux portes de la ville ? Comment concilier protection et valorisation ? Quels sont les acteurs impliqu\u00e9s et les financements mobilisables ? Pour r\u00e9pondre \u00e0 ces questions, l\u2019AGURAM a invit\u00e9 plusieurs \u00e9lu.e.s et technicien.ne.s \u00e0 visiter le marais du Grand Saulcy, un site naturel remarquable au c\u0153ur de la m\u00e9tropole [&hellip;]<\/p>\n","protected":false},"author":4,"featured_media":7329,"comment_status":"closed","ping_status":"closed","sticky":false,"template":"","format":"standard","meta":{"footnotes":""},"categories":[1,98],"tags":[],"class_list":["post-7295","post","type-post","status-publish","format-standard","has-post-thumbnail","hentry","category-aguram","category-environnement"],"jetpack_featured_media_url":"https:\/\/www.aguram.org\/wp-content\/uploads\/2023\/05\/visite-MGS.png","_links":{"self":[{"href":"https:\/\/www.aguram.org\/aguram\/wp-json\/wp\/v2\/posts\/7295","targetHints":{"allow":["GET"]}}],"collection":[{"href":"https:\/\/www.aguram.org\/aguram\/wp-json\/wp\/v2\/posts"}],"about":[{"href":"https:\/\/www.aguram.org\/aguram\/wp-json\/wp\/v2\/types\/post"}],"author":[{"embeddable":true,"href":"https:\/\/www.aguram.org\/aguram\/wp-json\/wp\/v2\/users\/4"}],"replies":[{"embeddable":true,"href":"https:\/\/www.aguram.org\/aguram\/wp-json\/wp\/v2\/comments?post=7295"}],"version-history":[{"count":24,"href":"https:\/\/www.aguram.org\/aguram\/wp-json\/wp\/v2\/posts\/7295\/revisions"}],"predecessor-version":[{"id":7368,"href":"https:\/\/www.aguram.org\/aguram\/wp-json\/wp\/v2\/posts\/7295\/revisions\/7368"}],"wp:featuredmedia":[{"embeddable":true,"href":"https:\/\/www.aguram.org\/aguram\/wp-json\/wp\/v2\/media\/7329"}],"wp:attachment":[{"href":"https:\/\/www.aguram.org\/aguram\/wp-json\/wp\/v2\/media?parent=7295"}],"wp:term":[{"taxonomy":"category","embeddable":true,"href":"https:\/\/www.aguram.org\/aguram\/wp-json\/wp\/v2\/categories?post=7295"},{"taxonomy":"post_tag","embeddable":true,"href":"https:\/\/www.aguram.org\/aguram\/wp-json\/wp\/v2\/tags?post=7295"}],"curies":[{"name":"wp","href":"https:\/\/api.w.org\/{rel}","templated":true}]}}