
{"id":7135,"date":"2023-03-27T15:35:37","date_gmt":"2023-03-27T15:35:37","guid":{"rendered":"https:\/\/www.aguram.org\/aguram\/?p=7135"},"modified":"2023-03-31T12:43:34","modified_gmt":"2023-03-31T12:43:34","slug":"urbanisme-sante-des-projets-inspirants-dans-le-grand-est","status":"publish","type":"post","link":"https:\/\/www.aguram.org\/aguram\/urbanisme-sante-des-projets-inspirants-dans-le-grand-est\/","title":{"rendered":"URBANISME &#038; SANT\u00c9\u00a0: DES PROJETS INSPIRANTS DANS LE GRAND EST"},"content":{"rendered":"\n<p><strong>Comment l\u2019urbanisme peut-il am\u00e9liorer la sant\u00e9 et la qualit\u00e9 de vie&nbsp;? Pour r\u00e9pondre \u00e0 cette question, la R\u00e9gion, l&rsquo;ARS et la DREAL Grand Est vous proposent une s\u00e9rie de vid\u00e9os r\u00e9alis\u00e9es avec l&rsquo;appui des agences d&rsquo;urbanisme (r\u00e9seau 7EST) dans le cadre du Plan r\u00e9gional sant\u00e9 environnement. D\u00e9couvrez les notions-cl\u00e9s, une bo\u00eete \u00e0 outils, ainsi que plusieurs reportages sur des projets d&rsquo;urbanisme favorable \u00e0 la sant\u00e9 dans le Grand Est.<\/strong><\/p>\n\n\n\n<!--more-->\n\n\n\n<p>La crise sanitaire a renforc\u00e9 les attentes des citoyens en mati\u00e8re de bien-\u00eatre et de qualit\u00e9 de vie. Elle a notamment mis en exergue les liens entre urbanisme et sant\u00e9 ainsi que les enjeux d\u2019articulation entre ces diff\u00e9rentes politiques publiques.<\/p>\n\n\n\n<p>En effet, l\u2019am\u00e9nagement du territoire et l\u2019urbanisme ont un r\u00f4le important \u00e0 jouer dans la pr\u00e9vention des risques sanitaires et l\u2019am\u00e9lioration de la sant\u00e9 des personnes. Cela implique une prise en compte des enjeux de sant\u00e9 dans les documents d\u2019urbanisme, le d\u00e9veloppement d\u2019une offre de sant\u00e9 adapt\u00e9e ou encore la sensibilisation des acteurs (\u00e9lus, techniciens, habitants) aux questions de sant\u00e9 environnementale.<\/p>\n\n\n\n<p>Dans le cadre du <a href=\"https:\/\/www.grand-est.prse.fr\/spip.php?page=sommaire\" target=\"_blank\" rel=\"noreferrer noopener\">Plan r\u00e9gional sant\u00e9 environnement<\/a> (PRSE), la R\u00e9gion Grand Est, la DREAL et l\u2019ARS ont mobilis\u00e9 le r\u00e9seau des 7 agences d\u2019urbanisme du Grand Est (7EST) pour r\u00e9aliser une s\u00e9rie de vid\u00e9os et de reportages autour de la th\u00e9matique \u00ab urbanisme et sant\u00e9 \u00bb.<\/p>\n\n\n\n<p>2 vid\u00e9os introductives permettent de d\u00e9couvrir de fa\u00e7on simple et p\u00e9dagogique&nbsp;:<\/p>\n\n\n\n<ul class=\"wp-block-list\"><li><a href=\"https:\/\/www.dailymotion.com\/video\/x8fa6pf?playlist=x7sntw\" target=\"_blank\" rel=\"noreferrer noopener\">les <strong>notions-cl\u00e9s<\/strong> et les principaux enjeux li\u00e9s \u00e0 l\u2019urbanisme et \u00e0 la sant\u00e9<\/a>&nbsp;;<\/li><li><a href=\"https:\/\/www.dailymotion.com\/video\/x8jhuu2\" target=\"_blank\" rel=\"noreferrer noopener\">les <strong>outils<\/strong> et le r\u00e9seau de <strong>partenaires mobilisables<\/strong> pour mettre en \u0153uvre un projet d\u2019urbanisme favorable \u00e0 la sant\u00e9 sur son territoire<\/a>.<\/li><\/ul>\n\n\n\n<p>Pour illustrer la d\u00e9marche, un coup de projecteur est mis sur l\u2019engagement de plusieurs collectivit\u00e9s du Grand Est dans des projets d\u2019urbanisme favorable \u00e0 la sant\u00e9. 9 reportages&nbsp;vous sont ainsi propos\u00e9s sur :<\/p>\n\n\n\n<ul class=\"wp-block-list\"><li><a rel=\"noreferrer noopener\" href=\"https:\/\/www.dailymotion.com\/video\/x8jhja7?playlist=x7sntw\" target=\"_blank\">la r\u00e9alisation d\u2019un <strong>b\u00e9guinage seniors<\/strong> port\u00e9 par la Communaut\u00e9 de communes des Cr\u00eates pr\u00e9ardennaises (Ardennes)<\/a> ;<\/li><li><a rel=\"noreferrer noopener\" href=\"https:\/\/www.dailymotion.com\/video\/x8jhjac?playlist=x7sntw\" target=\"_blank\">l\u2019am\u00e9nagement de <strong>logements partag\u00e9s<\/strong> \u00e0 Reims (Marne)<\/a>\u00a0;<\/li><li><a rel=\"noreferrer noopener\" href=\"https:\/\/www.dailymotion.com\/video\/x8jhjae\" target=\"_blank\">les am\u00e9nagements en faveur de la <strong>mobilit\u00e9 des s\u00e9niors<\/strong> \u00e0 Metz (Moselle)<\/a>\u00a0;<\/li><li><a rel=\"noreferrer noopener\" href=\"https:\/\/www.dailymotion.com\/video\/x8jhja9\" target=\"_blank\">le <strong>parc interg\u00e9n\u00e9rationnel<\/strong> de la Schanze \u00e0 Boulay (Moselle)<\/a>\u00a0;<\/li><li><a rel=\"noreferrer noopener\" href=\"https:\/\/www.dailymotion.com\/video\/x8jhjaf\" target=\"_blank\">le <strong>parc de l\u2019Avenir<\/strong> \u00e0 Pagny-sur-Moselle (Meurthe-et-Moselle)<\/a>\u00a0;<\/li><li><a rel=\"noreferrer noopener\" href=\"https:\/\/www.dailymotion.com\/video\/x8jhti8\" target=\"_blank\">la <strong>v\u00e9g\u00e9talisation des cours d\u2019\u00e9cole<\/strong> \u00e0 Nancy (Meurthe-et-Moselle)<\/a>\u00a0;<\/li><li><a rel=\"noreferrer noopener\" href=\"https:\/\/www.dailymotion.com\/video\/x8jhja8\" data-type=\"URL\" data-id=\"https:\/\/www.dailymotion.com\/video\/x8jhja8\" target=\"_blank\">la <strong>cantine 100% bio<\/strong> de la commune d&rsquo;Ungersheim (Haut-Rhin)<\/a>\u00a0;<\/li><li><a rel=\"noreferrer noopener\" href=\"https:\/\/www.dailymotion.com\/video\/x8jhjad\" target=\"_blank\">l\u2019instauration des <strong>rues-\u00e9coles<\/strong> \u00e0 Strasbourg (Bas-Rhin)<\/a>\u00a0;<\/li><li><a rel=\"noreferrer noopener\" href=\"https:\/\/www.dailymotion.com\/video\/x8jhjab\" target=\"_blank\">l\u2019<strong>espace multi-accueil<\/strong> de la commune d\u2019Hirsingue (Haut-Rhin)<\/a>.<\/li><\/ul>\n\n\n\n<p><a rel=\"noreferrer noopener\" href=\"https:\/\/www.dailymotion.com\/playlist\/x7sntw\" target=\"_blank\">Cliquez ici<\/a> pour acc\u00e9der \u00e0 l&rsquo;ensemble de la playlist.<\/p>\n\n\n\n<p>Pour plus d&rsquo;informations, n&rsquo;h\u00e9sitez pas \u00e0 contacter l&rsquo;AGURAM (contact@aguram.org) ou l&rsquo;ARS Grand Est (ars-grandest-contact@ars.sante.fr).<\/p>\n","protected":false},"excerpt":{"rendered":"<p>Comment l\u2019urbanisme peut-il am\u00e9liorer la sant\u00e9 et la qualit\u00e9 de vie&nbsp;? Pour r\u00e9pondre \u00e0 cette question, la R\u00e9gion, l&rsquo;ARS et la DREAL Grand Est vous proposent une s\u00e9rie de vid\u00e9os r\u00e9alis\u00e9es avec l&rsquo;appui des agences d&rsquo;urbanisme (r\u00e9seau 7EST) dans le cadre du Plan r\u00e9gional sant\u00e9 environnement. D\u00e9couvrez les notions-cl\u00e9s, une bo\u00eete \u00e0 outils, ainsi que [&hellip;]<\/p>\n","protected":false},"author":4,"featured_media":7143,"comment_status":"closed","ping_status":"closed","sticky":false,"template":"","format":"standard","meta":{"footnotes":""},"categories":[425,98,644,866,419],"tags":[661,877,683,1072,1070,1073,942,1071,1069],"class_list":["post-7135","post","type-post","status-publish","format-standard","has-post-thumbnail","hentry","category-grands-territoires-breves-aguram","category-environnement","category-ess","category-habitat","category-projet-urbain","tag-7est-2","tag-alimentation-2","tag-environnement-2","tag-prse","tag-qualite-de-vie","tag-reseau-7est","tag-sante-2","tag-serniors","tag-urbanisme-sante"],"jetpack_featured_media_url":"https:\/\/www.aguram.org\/wp-content\/uploads\/2023\/03\/urba_et_sante_v3_ombre.png","_links":{"self":[{"href":"https:\/\/www.aguram.org\/aguram\/wp-json\/wp\/v2\/posts\/7135","targetHints":{"allow":["GET"]}}],"collection":[{"href":"https:\/\/www.aguram.org\/aguram\/wp-json\/wp\/v2\/posts"}],"about":[{"href":"https:\/\/www.aguram.org\/aguram\/wp-json\/wp\/v2\/types\/post"}],"author":[{"embeddable":true,"href":"https:\/\/www.aguram.org\/aguram\/wp-json\/wp\/v2\/users\/4"}],"replies":[{"embeddable":true,"href":"https:\/\/www.aguram.org\/aguram\/wp-json\/wp\/v2\/comments?post=7135"}],"version-history":[{"count":11,"href":"https:\/\/www.aguram.org\/aguram\/wp-json\/wp\/v2\/posts\/7135\/revisions"}],"predecessor-version":[{"id":7156,"href":"https:\/\/www.aguram.org\/aguram\/wp-json\/wp\/v2\/posts\/7135\/revisions\/7156"}],"wp:featuredmedia":[{"embeddable":true,"href":"https:\/\/www.aguram.org\/aguram\/wp-json\/wp\/v2\/media\/7143"}],"wp:attachment":[{"href":"https:\/\/www.aguram.org\/aguram\/wp-json\/wp\/v2\/media?parent=7135"}],"wp:term":[{"taxonomy":"category","embeddable":true,"href":"https:\/\/www.aguram.org\/aguram\/wp-json\/wp\/v2\/categories?post=7135"},{"taxonomy":"post_tag","embeddable":true,"href":"https:\/\/www.aguram.org\/aguram\/wp-json\/wp\/v2\/tags?post=7135"}],"curies":[{"name":"wp","href":"https:\/\/api.w.org\/{rel}","templated":true}]}}