
{"id":7099,"date":"2023-03-21T12:35:51","date_gmt":"2023-03-21T12:35:51","guid":{"rendered":"https:\/\/www.aguram.org\/aguram\/?p=7099"},"modified":"2023-06-15T07:30:23","modified_gmt":"2023-06-15T07:30:23","slug":"les-sols-allies-pour-construire-un-cadre-de-vie-de-qualite-revivez-le-cafe-debat-de-laguram","status":"publish","type":"post","link":"https:\/\/www.aguram.org\/aguram\/les-sols-allies-pour-construire-un-cadre-de-vie-de-qualite-revivez-le-cafe-debat-de-laguram\/","title":{"rendered":"\u00ab\u00a0LES SOLS, ALLI\u00c9S POUR CONSTRUIRE UN CADRE DE VIE DE QUALIT\u00c9\u00a0\u00bb\u00a0: REVIVEZ LE CAF\u00c9-D\u00c9BAT DE L\u2019AGURAM"},"content":{"rendered":"\n<p><strong>D\u00e9but mars, l\u2019AGURAM vous avait donn\u00e9 rendez-vous pour un caf\u00e9-d\u00e9bat sur les sols, dans la continuit\u00e9 de notre dernier <a rel=\"noreferrer noopener\" href=\"https:\/\/www.aguram.org\/wp-content\/uploads\/2022\/12\/carnet_actu_2022_sols.pdf\" target=\"_blank\">Carnet d\u2019actualit\u00e9<\/a>. Trame brune, sobri\u00e9t\u00e9 fonci\u00e8re, \u00eelots de chaleur, d\u00e9simperm\u00e9abilisation, nature en ville\u2026 autant de notions-cl\u00e9s qui d\u00e9passent la seule question des sols et s\u2019inscrivent progressivement au c\u0153ur des strat\u00e9gies d\u2019am\u00e9nagement des territoires. D\u00e9couvrez d\u00e8s maintenant les supports de pr\u00e9sentation ainsi que le podcast de cette rencontre !<\/strong><\/p>\n\n\n\n<!--more-->\n\n\n\n<p>La notion de qualit\u00e9 des sols est encore peu abord\u00e9e dans les documents de planification et les choix d\u2019am\u00e9nagement du territoire. Pourtant, elle va devenir centrale avec l\u2019<strong>objectif de Z\u00e9ro artificialisation nette (ZAN) \u00e0 atteindre d\u2019ici 2050<\/strong>.<\/p>\n\n\n\n<p>Au-del\u00e0 de la mise en \u0153uvre du ZAN, les collectivit\u00e9s doivent plus que jamais <strong>r\u00e9pondre aux attentes des citoyens<\/strong> et <strong>renforcer la r\u00e9silience des villes face aux d\u00e9r\u00e8glement climatique<\/strong>. Cette urgence n\u00e9cessite de prendre en compte les <strong>services \u00e9cosyst\u00e9miques<\/strong> rendus par les sols, afin de b\u00e2tir des strat\u00e9gies d\u2019am\u00e9nagement plus durables et d\u00e9velopper des <strong>projets de d\u00e9sartificialisation et de renaturation<\/strong>.<\/p>\n\n\n\n<p>Pour aborder ces diff\u00e9rents enjeux et envisager des pistes d&rsquo;action, une trentaine d\u2019\u00e9lus, techniciens et repr\u00e9sentants de milieu associatif \u00e9taient r\u00e9unis \u00e0 l\u2019AGURAM, mardi 7 mars, \u00e0 l\u2019occasion d\u2019un <strong>caf\u00e9-d\u00e9bat organis\u00e9 par l\u2019agence<\/strong>. Au fil des diff\u00e9rentes interventions, les participants ont pu \u00e9changer leurs points de vue et retours d\u2019exp\u00e9riences autour de plusieurs grands sujets d\u2019actualit\u00e9, comme le ZAN, les \u00eelots de chaleur, le r\u00f4le des sols dans la sant\u00e9 des arbres en ville, ou encore la v\u00e9g\u00e9talisation des cours d\u2019\u00e9cole.<\/p>\n\n\n\n<p>Patricia Gout, directrice g\u00e9n\u00e9rale de l\u2019AGURAM remercie chaleureusement les intervenants de cette rencontre :<\/p>\n\n\n\n<ul class=\"wp-block-list\"><li><strong>B\u00e9atrice Agamennone<\/strong>, adjointe au maire de Metz en charge des espaces verts et vice-pr\u00e9sidente de l\u2019agence ;<\/li><li><strong>Nassima Hassani<\/strong>, doctorante \u00e0 l&rsquo;Universit\u00e9 de Lorraine ;<\/li><li><strong>S\u00e9bastien Marqueton<\/strong>, directeur adjoint du p\u00f4le parcs, jardins et espaces naturels de la Ville de Metz ;<\/li><li><strong>Amaury Krid<\/strong>, responsable de missions PLUi \u00e0 l\u2019agence ;<\/li><\/ul>\n\n\n\n<p>ainsi que l\u2019ensemble des participants pour la qualit\u00e9 et la richesse des \u00e9changes.<\/p>\n\n\n\n<p>Cliquez ci-dessous pour \u00e9couter le podcast de la rencontre et restez connect\u00e9 pour suivre notre actualit\u00e9 et nos prochains \u00e9v\u00e8nements !<\/p>\n\n\n\n<figure class=\"wp-block-embed is-type-video is-provider-youtube wp-block-embed-youtube wp-embed-aspect-16-9 wp-has-aspect-ratio\"><div class=\"wp-block-embed__wrapper\">\n<iframe loading=\"lazy\" title=\"[Podcast AGURAM] Les sols : alli\u00e9s pour construire un cadre de vie de qualit\u00e9\" width=\"500\" height=\"281\" src=\"https:\/\/www.youtube.com\/embed\/_hkLIJDc0R8?feature=oembed\" frameborder=\"0\" allow=\"accelerometer; autoplay; clipboard-write; encrypted-media; gyroscope; picture-in-picture; web-share\" referrerpolicy=\"strict-origin-when-cross-origin\" allowfullscreen><\/iframe>\n<\/div><\/figure>\n\n\n\n<p>Ressources utiles :<\/p>\n\n\n\n<ul class=\"wp-block-list\"><li><strong><a href=\"https:\/\/www.aguram.org\/wp-content\/uploads\/2023\/06\/Cafe_sols_AGURAM_7mars2023_complet.pdf\" target=\"_blank\" rel=\"noreferrer noopener\">Support de pr\u00e9sentation du caf\u00e9-d\u00e9bat<\/a><\/strong><\/li><li><a rel=\"noreferrer noopener\" href=\"https:\/\/sesame.cerema.fr\/\" target=\"_blank\">Outil Sesame (Cerema)<\/a><\/li><li><a rel=\"noreferrer noopener\" href=\"https:\/\/www.aguram.org\/wp-content\/uploads\/2022\/09\/carnet_hors_serie_web.pdf\" target=\"_blank\">Carnet d&rsquo;actualit\u00e9 sur les friches (AGURAM)<\/a><\/li><li><a rel=\"noreferrer noopener\" href=\"https:\/\/www.aguram.org\/wp-content\/uploads\/2022\/12\/carnet_actu_2022_sols.pdf\" target=\"_blank\">Carnet d&rsquo;actualit\u00e9 sur les sols (AGURAM)<\/a><\/li><li><a rel=\"noreferrer noopener\" href=\"https:\/\/metz.fr\/fichiers\/2022\/11\/15\/Charte_de_l_arbre_Metz.pdf\" target=\"_blank\">Charte de l\u2019arbre (Ville de Metz)<\/a><\/li><li><a rel=\"noreferrer noopener\" href=\"https:\/\/www.calameo.com\/read\/0043642244d97aa77e9c8\" target=\"_blank\">Charte de l\u2019arbre (Eurom\u00e9tropole de Metz)<\/a><\/li><li><a rel=\"noreferrer noopener\" href=\"https:\/\/www.grandlyon.com\/fileadmin\/user_upload\/media\/pdf\/environnement\/arbres\/20111214_gl_chartearbre.pdf\" target=\"_blank\">Charte de l\u2019arbre (M\u00e9tropole du Grand Lyon)<\/a><\/li><li><a rel=\"noreferrer noopener\" href=\"https:\/\/www.aguram.org\/wp-content\/uploads\/2022\/12\/infographie-a32-scaled.jpg\" target=\"_blank\">Sch\u00e9ma sur la d\u00e9simperm\u00e9abilisation\/v\u00e9g\u00e9talisation des cours d\u2019\u00e9cole (AGURAM)<\/a><\/li><\/ul>\n","protected":false},"excerpt":{"rendered":"<p>D\u00e9but mars, l\u2019AGURAM vous avait donn\u00e9 rendez-vous pour un caf\u00e9-d\u00e9bat sur les sols, dans la continuit\u00e9 de notre dernier Carnet d\u2019actualit\u00e9. Trame brune, sobri\u00e9t\u00e9 fonci\u00e8re, \u00eelots de chaleur, d\u00e9simperm\u00e9abilisation, nature en ville\u2026 autant de notions-cl\u00e9s qui d\u00e9passent la seule question des sols et s\u2019inscrivent progressivement au c\u0153ur des strat\u00e9gies d\u2019am\u00e9nagement des territoires. D\u00e9couvrez d\u00e8s maintenant [&hellip;]<\/p>\n","protected":false},"author":4,"featured_media":7103,"comment_status":"closed","ping_status":"closed","sticky":false,"template":"","format":"standard","meta":{"footnotes":""},"categories":[47,1,425,98,520,90],"tags":[700,1067,1068,683,275,832,1039,703],"class_list":["post-7099","post","type-post","status-publish","format-standard","has-post-thumbnail","hentry","category-agence","category-aguram","category-grands-territoires-breves-aguram","category-environnement","category-metz-metropole","category-planification","tag-amenagement-2","tag-cadre-de-vie-2","tag-desimpermeabilisation","tag-environnement-2","tag-planification-2","tag-sobriete-fonciere","tag-sols-2","tag-zan-2"],"jetpack_featured_media_url":"https:\/\/www.aguram.org\/wp-content\/uploads\/2023\/03\/breve_cafe_sols.png","_links":{"self":[{"href":"https:\/\/www.aguram.org\/aguram\/wp-json\/wp\/v2\/posts\/7099","targetHints":{"allow":["GET"]}}],"collection":[{"href":"https:\/\/www.aguram.org\/aguram\/wp-json\/wp\/v2\/posts"}],"about":[{"href":"https:\/\/www.aguram.org\/aguram\/wp-json\/wp\/v2\/types\/post"}],"author":[{"embeddable":true,"href":"https:\/\/www.aguram.org\/aguram\/wp-json\/wp\/v2\/users\/4"}],"replies":[{"embeddable":true,"href":"https:\/\/www.aguram.org\/aguram\/wp-json\/wp\/v2\/comments?post=7099"}],"version-history":[{"count":13,"href":"https:\/\/www.aguram.org\/aguram\/wp-json\/wp\/v2\/posts\/7099\/revisions"}],"predecessor-version":[{"id":7467,"href":"https:\/\/www.aguram.org\/aguram\/wp-json\/wp\/v2\/posts\/7099\/revisions\/7467"}],"wp:featuredmedia":[{"embeddable":true,"href":"https:\/\/www.aguram.org\/aguram\/wp-json\/wp\/v2\/media\/7103"}],"wp:attachment":[{"href":"https:\/\/www.aguram.org\/aguram\/wp-json\/wp\/v2\/media?parent=7099"}],"wp:term":[{"taxonomy":"category","embeddable":true,"href":"https:\/\/www.aguram.org\/aguram\/wp-json\/wp\/v2\/categories?post=7099"},{"taxonomy":"post_tag","embeddable":true,"href":"https:\/\/www.aguram.org\/aguram\/wp-json\/wp\/v2\/tags?post=7099"}],"curies":[{"name":"wp","href":"https:\/\/api.w.org\/{rel}","templated":true}]}}