
{"id":6854,"date":"2023-01-10T09:44:03","date_gmt":"2023-01-10T09:44:03","guid":{"rendered":"https:\/\/www.aguram.org\/aguram\/?p=6854"},"modified":"2023-01-13T09:53:45","modified_gmt":"2023-01-13T09:53:45","slug":"revitalisation-du-centre-ville-de-boulay-le-commerce-en-plein-essor","status":"publish","type":"post","link":"https:\/\/www.aguram.org\/aguram\/revitalisation-du-centre-ville-de-boulay-le-commerce-en-plein-essor\/","title":{"rendered":"REVITALISATION DU CENTRE-VILLE DE BOULAY\u00a0: LE COMMERCE EN PLEIN ESSOR"},"content":{"rendered":"\n<p><strong>Portrait des commerces boulageois, m\u00e9t\u00e9o de l&rsquo;immobilier commercial, localisation et \u00e9volution de la vacance : ce Rep\u00e8r&rsquo; pr\u00e9sente les r\u00e9sultats de l\u2019observatoire mis en place par l&rsquo;AGURAM \u00e0 Boulay-Moselle. Il fait le point sur les dynamiques \u00e0 l\u2019\u0153uvre et donne des pistes pour b\u00e2tir les politiques publiques \u00e0 venir.<\/strong><\/p>\n\n\n\n<!--more-->\n\n\n\n<p>En 2021, la Ville de Boulay-Moselle a sign\u00e9 une convention Petite ville de demain et a engag\u00e9 une redynamisation de son centre-ville avec l\u2019appui de l\u2019AGURAM. Les <a href=\"https:\/\/www.aguram.org\/aguram\/boulay-moselle-redynamisation-du-centre-ville-synthese-du-diagnostic-plan-daction\/\">diagnostic transversal et plan d\u2019action<\/a> propos\u00e9s par l\u2019agence ont ainsi permis de construire un socle de connaissance commun, d\u2019identifier les enjeux auxquels le centre-ville est confront\u00e9, et enfin de cibler les actions \u00e0 mener pour la p\u00e9riode 2022-2026. <\/p>\n\n\n\n<p>En parall\u00e8le, la Ville de Boulay-Moselle et l\u2019AGURAM ont mis en place un <strong>observatoire du commerce<\/strong> aliment\u00e9 par une enqu\u00eate de terrain. Objectif&nbsp;: suivre les effets des 1\u00e8res actions men\u00e9es par la collectivit\u00e9 en 2020-2021 et anticiper les potentielles \u00e9volutions du plan d\u2019action. D\u00e9couvrez les r\u00e9sultats de cette d\u00e9marche dans la publication ci-dessous.<\/p>\n\n\n\n<figure class=\"wp-block-image size-large is-resized\"><img loading=\"lazy\" decoding=\"async\" src=\"https:\/\/www.aguram.org\/wp-content\/uploads\/2023\/01\/offre_commerciale_Boulay-1024x320.png\" alt=\"\" class=\"wp-image-6861\" width=\"679\" height=\"212\" srcset=\"https:\/\/www.aguram.org\/wp-content\/uploads\/2023\/01\/offre_commerciale_Boulay-1024x320.png 1024w, https:\/\/www.aguram.org\/wp-content\/uploads\/2023\/01\/offre_commerciale_Boulay-300x94.png 300w, https:\/\/www.aguram.org\/wp-content\/uploads\/2023\/01\/offre_commerciale_Boulay-768x240.png 768w, https:\/\/www.aguram.org\/wp-content\/uploads\/2023\/01\/offre_commerciale_Boulay.png 1056w\" sizes=\"auto, (max-width: 679px) 100vw, 679px\" \/><\/figure>\n\n\n\n<p><\/p>\n","protected":false},"excerpt":{"rendered":"<p>Portrait des commerces boulageois, m\u00e9t\u00e9o de l&rsquo;immobilier commercial, localisation et \u00e9volution de la vacance : ce Rep\u00e8r&rsquo; pr\u00e9sente les r\u00e9sultats de l\u2019observatoire mis en place par l&rsquo;AGURAM \u00e0 Boulay-Moselle. Il fait le point sur les dynamiques \u00e0 l\u2019\u0153uvre et donne des pistes pour b\u00e2tir les politiques publiques \u00e0 venir.<\/p>\n","protected":false},"author":4,"featured_media":6856,"comment_status":"closed","ping_status":"closed","sticky":false,"template":"","format":"standard","meta":{"footnotes":""},"categories":[79,94],"tags":[658,968,735,737,550,694,138,796],"class_list":["post-6854","post","type-post","status-publish","format-standard","has-post-thumbnail","hentry","category-economie-attractivite","category-projets-urbains","tag-attractivite-2","tag-boulay-moselle","tag-centre-ville-2","tag-commerce-2","tag-economie-4","tag-observatoire-2","tag-redynamisation","tag-revitalisation-2"],"jetpack_featured_media_url":"https:\/\/www.aguram.org\/wp-content\/uploads\/2023\/01\/Pages-de-reper_commerce_boulay_web_site-e1673343832879.png","_links":{"self":[{"href":"https:\/\/www.aguram.org\/aguram\/wp-json\/wp\/v2\/posts\/6854","targetHints":{"allow":["GET"]}}],"collection":[{"href":"https:\/\/www.aguram.org\/aguram\/wp-json\/wp\/v2\/posts"}],"about":[{"href":"https:\/\/www.aguram.org\/aguram\/wp-json\/wp\/v2\/types\/post"}],"author":[{"embeddable":true,"href":"https:\/\/www.aguram.org\/aguram\/wp-json\/wp\/v2\/users\/4"}],"replies":[{"embeddable":true,"href":"https:\/\/www.aguram.org\/aguram\/wp-json\/wp\/v2\/comments?post=6854"}],"version-history":[{"count":5,"href":"https:\/\/www.aguram.org\/aguram\/wp-json\/wp\/v2\/posts\/6854\/revisions"}],"predecessor-version":[{"id":6898,"href":"https:\/\/www.aguram.org\/aguram\/wp-json\/wp\/v2\/posts\/6854\/revisions\/6898"}],"wp:featuredmedia":[{"embeddable":true,"href":"https:\/\/www.aguram.org\/aguram\/wp-json\/wp\/v2\/media\/6856"}],"wp:attachment":[{"href":"https:\/\/www.aguram.org\/aguram\/wp-json\/wp\/v2\/media?parent=6854"}],"wp:term":[{"taxonomy":"category","embeddable":true,"href":"https:\/\/www.aguram.org\/aguram\/wp-json\/wp\/v2\/categories?post=6854"},{"taxonomy":"post_tag","embeddable":true,"href":"https:\/\/www.aguram.org\/aguram\/wp-json\/wp\/v2\/tags?post=6854"}],"curies":[{"name":"wp","href":"https:\/\/api.w.org\/{rel}","templated":true}]}}