
{"id":6415,"date":"2022-09-28T09:03:40","date_gmt":"2022-09-28T09:03:40","guid":{"rendered":"https:\/\/www.aguram.org\/aguram\/?p=6415"},"modified":"2022-09-30T07:06:44","modified_gmt":"2022-09-30T07:06:44","slug":"vegetalisation-des-cours-decole-a-metz-quand-la-nature-sinvite-a-la-recre","status":"publish","type":"post","link":"https:\/\/www.aguram.org\/aguram\/vegetalisation-des-cours-decole-a-metz-quand-la-nature-sinvite-a-la-recre\/","title":{"rendered":"V\u00e9g\u00e9talisation des cours d\u2019\u00e9cole \u00e0 Metz : la nature s\u2019invite \u00e0 la r\u00e9cr\u00e9"},"content":{"rendered":"\n<p><strong>L\u2019AGURAM aussi a fait sa rentr\u00e9e des classes&nbsp;! L\u2019agence accompagne la Ville de Metz dans la transformation et la v\u00e9g\u00e9talisation de plusieurs cours d\u2019\u00e9cole. Apr\u00e8s une phase de diagnostic et de concertation, de nouveaux am\u00e9nagements prendront place dans les cours afin de r\u00e9pondre aux enjeux environnementaux et d\u2019am\u00e9liorer le bien-\u00eatre des enfants.<\/strong><\/p>\n\n\n\n<!--more-->\n\n\n\n<p>Les projets commencent par un double diagnostic :<\/p>\n\n\n\n<ul class=\"wp-block-list\"><li>diagnostic environnemental&nbsp;: surfaces v\u00e9g\u00e9talis\u00e9e ou imperm\u00e9abilis\u00e9es, temp\u00e9rature du sol et de l\u2019air ambiant en p\u00e9riode de forte chaleur, qualit\u00e9 de l\u2019air, ruissellement des eaux pluviales, qualit\u00e9 du cadre v\u00e9g\u00e9tal environnant, accessibilit\u00e9 pour la petite faune, etc.&nbsp;;<\/li><li>diagnostic des usages&nbsp;: observations des temps de r\u00e9cr\u00e9ation, ateliers avec les \u00e9quipes p\u00e9dagogiques, proposition d\u2019ateliers avec les enfants.<\/li><\/ul>\n\n\n\n<p>En concertation avec les services de la Ville de Metz, l\u2019AGURAM propose des <strong>am\u00e9nagements durables et inclusifs<\/strong> \u2013 plantations, espaces ombrag\u00e9s, rev\u00eatements perm\u00e9ables, peintures r\u00e9fl\u00e9chissantes, jeux en bois, potagers \u2013 en ad\u00e9quation avec les enjeux environnementaux identifi\u00e9s et avec les besoins des \u00e9l\u00e8ves et \u00e9quipes p\u00e9dagogiques.<\/p>\n\n\n\n<p>Ces propositions font ensuite l\u2019objet d\u2019une \u00e9tude de faisabilit\u00e9 technique r\u00e9alis\u00e9e par la Ville et l\u2019Eurom\u00e9tropole de Metz. Une fois les am\u00e9nagements valid\u00e9s, les travaux auront lieu durant la p\u00e9riode estivale.<\/p>\n\n\n\n<p>La v\u00e9g\u00e9talisation des cours d\u2019\u00e9cole s\u2019inscrit dans une d\u00e9marche \u00e0 la fois environnementale, p\u00e9dagogique, sociale ou encore sanitaire. Elle permet, entre autres, de :<\/p>\n\n\n\n<ul class=\"wp-block-list\"><li>placer le <strong>bien-\u00eatre<\/strong> et la sant\u00e9 des enfants au c\u0153ur de l\u2019am\u00e9nagement et des usages de la cour&nbsp;;<\/li><li>lutter contre le changement climatique et s\u2019y adapter en cr\u00e9ant de v\u00e9ritables <strong>\u00eelots de fra\u00eecheur<\/strong>&nbsp;;<\/li><li>redonner une place au cycle naturel de l\u2019<strong>eau<\/strong> en favorisant l\u2019infiltration des eaux de pluie&nbsp;;<\/li><li>renforcer la <strong>biodiversit\u00e9<\/strong>&nbsp;en participant au maillage des continuit\u00e9s \u00e9cologiques&nbsp;;<\/li><li>sensibiliser les enfants au respect de l\u2019environnement en pla\u00e7ant la nature \u00e0 leur port\u00e9e d\u00e8s le plus jeune \u00e2ge&nbsp;;<\/li><li>favoriser l\u2019\u00e9galit\u00e9 et la mixit\u00e9.<\/li><\/ul>\n\n\n\n<figure class=\"wp-block-image size-large is-resized\"><img loading=\"lazy\" decoding=\"async\" src=\"https:\/\/www.aguram.org\/wp-content\/uploads\/2022\/09\/20211108_104353-1024x768.jpg\" alt=\"\" class=\"wp-image-6421\" width=\"680\" height=\"510\" srcset=\"https:\/\/www.aguram.org\/wp-content\/uploads\/2022\/09\/20211108_104353-1024x768.jpg 1024w, https:\/\/www.aguram.org\/wp-content\/uploads\/2022\/09\/20211108_104353-300x225.jpg 300w, https:\/\/www.aguram.org\/wp-content\/uploads\/2022\/09\/20211108_104353-768x576.jpg 768w, https:\/\/www.aguram.org\/wp-content\/uploads\/2022\/09\/20211108_104353-1536x1152.jpg 1536w, https:\/\/www.aguram.org\/wp-content\/uploads\/2022\/09\/20211108_104353-2048x1536.jpg 2048w\" sizes=\"auto, (max-width: 680px) 100vw, 680px\" \/><figcaption>La cour de l\u2019\u00e9cole \u00e9l\u00e9mentaire Le Graouilly \u00e0 Metz Sablon fera l\u2019objet d\u2019un r\u00e9am\u00e9nagement<\/figcaption><\/figure>\n","protected":false},"excerpt":{"rendered":"<p>L\u2019AGURAM aussi a fait sa rentr\u00e9e des classes&nbsp;! L\u2019agence accompagne la Ville de Metz dans la transformation et la v\u00e9g\u00e9talisation de plusieurs cours d\u2019\u00e9cole. Apr\u00e8s une phase de diagnostic et de concertation, de nouveaux am\u00e9nagements prendront place dans les cours afin de r\u00e9pondre aux enjeux environnementaux et d\u2019am\u00e9liorer le bien-\u00eatre des enfants.<\/p>\n","protected":false},"author":4,"featured_media":6426,"comment_status":"closed","ping_status":"closed","sticky":false,"template":"","format":"standard","meta":{"footnotes":""},"categories":[29,98,894],"tags":[1024,684,682,1023,1013,683,901],"class_list":["post-6415","post","type-post","status-publish","format-standard","has-post-thumbnail","hentry","category-breves-aguram","category-environnement","category-eurometropole","tag-bien-etre","tag-biodiversite-2","tag-climat-2","tag-cours-decole","tag-emm","tag-environnement-2","tag-eurometropole-de-metz"],"jetpack_featured_media_url":"https:\/\/www.aguram.org\/wp-content\/uploads\/2022\/09\/Gabarit_breve_cours_ecole-2.png","_links":{"self":[{"href":"https:\/\/www.aguram.org\/aguram\/wp-json\/wp\/v2\/posts\/6415","targetHints":{"allow":["GET"]}}],"collection":[{"href":"https:\/\/www.aguram.org\/aguram\/wp-json\/wp\/v2\/posts"}],"about":[{"href":"https:\/\/www.aguram.org\/aguram\/wp-json\/wp\/v2\/types\/post"}],"author":[{"embeddable":true,"href":"https:\/\/www.aguram.org\/aguram\/wp-json\/wp\/v2\/users\/4"}],"replies":[{"embeddable":true,"href":"https:\/\/www.aguram.org\/aguram\/wp-json\/wp\/v2\/comments?post=6415"}],"version-history":[{"count":8,"href":"https:\/\/www.aguram.org\/aguram\/wp-json\/wp\/v2\/posts\/6415\/revisions"}],"predecessor-version":[{"id":6441,"href":"https:\/\/www.aguram.org\/aguram\/wp-json\/wp\/v2\/posts\/6415\/revisions\/6441"}],"wp:featuredmedia":[{"embeddable":true,"href":"https:\/\/www.aguram.org\/aguram\/wp-json\/wp\/v2\/media\/6426"}],"wp:attachment":[{"href":"https:\/\/www.aguram.org\/aguram\/wp-json\/wp\/v2\/media?parent=6415"}],"wp:term":[{"taxonomy":"category","embeddable":true,"href":"https:\/\/www.aguram.org\/aguram\/wp-json\/wp\/v2\/categories?post=6415"},{"taxonomy":"post_tag","embeddable":true,"href":"https:\/\/www.aguram.org\/aguram\/wp-json\/wp\/v2\/tags?post=6415"}],"curies":[{"name":"wp","href":"https:\/\/api.w.org\/{rel}","templated":true}]}}