
{"id":5936,"date":"2022-06-02T14:00:07","date_gmt":"2022-06-02T14:00:07","guid":{"rendered":"https:\/\/www.aguram.org\/aguram\/?p=5936"},"modified":"2022-06-02T14:00:59","modified_gmt":"2022-06-02T14:00:59","slug":"luxembourg-in-transition-visions-territoriales-pour-le-futur-decarbone-resilient-dun-espace-transfrontalier","status":"publish","type":"post","link":"https:\/\/www.aguram.org\/aguram\/luxembourg-in-transition-visions-territoriales-pour-le-futur-decarbone-resilient-dun-espace-transfrontalier\/","title":{"rendered":"Luxembourg in Transition \u2013 Visions territoriales pour le futur d\u00e9carbon\u00e9 &#038; r\u00e9silient d\u2019un espace transfrontalier"},"content":{"rendered":"\n<p><strong>L\u2019appel \u00e0 id\u00e9es <a href=\"https:\/\/luxembourgintransition.lu\/\" target=\"_blank\" rel=\"noreferrer noopener\">Luxembourg in Transition<\/a>, lanc\u00e9 en juin 2020 par le minist\u00e8re de l\u2019\u00c9nergie et de l\u2019am\u00e9nagement du territoire luxembourgeois, a pris fin en d\u00e9cembre 2021, laissant place \u00e0 des productions riches et cr\u00e9atives de la part des \u00e9quipes internationales pluridisciplinaires, retenues pour le projet.<\/strong><\/p>\n\n\n\n<!--more-->\n\n\n\n<p>V\u00e9ritable vivier de propositions, la consultation a mis au centre de la table l\u2019un des enjeux majeurs du XXI<sup>e<\/sup> si\u00e8cle\u00a0: la transition \u00e9cologique et \u00e9nerg\u00e9tique de nos territoires. Le but \u00e0 terme \u00e9tant la bonne r\u00e9alisation de cette transition, le gouvernement luxembourgeois se penche d\u00e9sormais sur la s\u00e9lection et la mise en \u0153uvre de certaines des propositions propos\u00e9es par les \u00e9quipes.<\/p>\n\n\n\n<p>Avec le succ\u00e8s de cette consultation, comme pour celles du Grand Gen\u00e8ve ou du Grand Paris, la question de l\u2019implication des territoires dans leur transition d\u00e9carbon\u00e9e se dessine \u00e0 diff\u00e9rentes \u00e9chelles. Luxembourg in Transition a produit des r\u00e9sultats approfondis, qui se laissent volontiers appliquer \u00e0 d\u2019autres territoires comme celui de Metz et de ses alentours.<\/p>\n\n\n\n<p>Faciliter les transitions n\u00e9cessaires, aider les collectivit\u00e9s \u00e0 penser les \u00e9volutions structurelles de leurs <strong>territoires, observer les dynamiques \u00e0 l\u2019\u0153uvre pour mieux anticiper les changements des modes de vie\u00a0: l\u2019AGURAM s\u2019inspire de cette d\u00e9marche innovante pour mener plus loin les projets strat\u00e9giques de ses adh\u00e9rents.<\/strong><\/p>\n\n\n\n<blockquote class=\"wp-block-quote has-text-align-center is-layout-flow wp-block-quote-is-layout-flow\"><p>\u00ab\u00a0<em>Une consultation urbano-architecturale et paysag\u00e8re pour penser la r\u00e9gion fonctionnelle luxembourgeoise en 2050<\/em>\u00ab\u00a0<\/p><\/blockquote>\n","protected":false},"excerpt":{"rendered":"<p>L\u2019appel \u00e0 id\u00e9es Luxembourg in Transition, lanc\u00e9 en juin 2020 par le minist\u00e8re de l\u2019\u00c9nergie et de l\u2019am\u00e9nagement du territoire luxembourgeois, a pris fin en d\u00e9cembre 2021, laissant place \u00e0 des productions riches et cr\u00e9atives de la part des \u00e9quipes internationales pluridisciplinaires, retenues pour le projet.<\/p>\n","protected":false},"author":4,"featured_media":5937,"comment_status":"closed","ping_status":"closed","sticky":false,"template":"","format":"standard","meta":{"footnotes":""},"categories":[425,98,39,90],"tags":[984,982,983,769],"class_list":["post-5936","post","type-post","status-publish","format-standard","has-post-thumbnail","hentry","category-grands-territoires-breves-aguram","category-environnement","category-mobilite","category-planification","tag-grands-territoiresmobilite","tag-luxembourg-2","tag-luxembourg-in-transition","tag-transfrontalier-2"],"jetpack_featured_media_url":"https:\/\/www.aguram.org\/wp-content\/uploads\/2022\/06\/LIT.png","_links":{"self":[{"href":"https:\/\/www.aguram.org\/aguram\/wp-json\/wp\/v2\/posts\/5936","targetHints":{"allow":["GET"]}}],"collection":[{"href":"https:\/\/www.aguram.org\/aguram\/wp-json\/wp\/v2\/posts"}],"about":[{"href":"https:\/\/www.aguram.org\/aguram\/wp-json\/wp\/v2\/types\/post"}],"author":[{"embeddable":true,"href":"https:\/\/www.aguram.org\/aguram\/wp-json\/wp\/v2\/users\/4"}],"replies":[{"embeddable":true,"href":"https:\/\/www.aguram.org\/aguram\/wp-json\/wp\/v2\/comments?post=5936"}],"version-history":[{"count":3,"href":"https:\/\/www.aguram.org\/aguram\/wp-json\/wp\/v2\/posts\/5936\/revisions"}],"predecessor-version":[{"id":5940,"href":"https:\/\/www.aguram.org\/aguram\/wp-json\/wp\/v2\/posts\/5936\/revisions\/5940"}],"wp:featuredmedia":[{"embeddable":true,"href":"https:\/\/www.aguram.org\/aguram\/wp-json\/wp\/v2\/media\/5937"}],"wp:attachment":[{"href":"https:\/\/www.aguram.org\/aguram\/wp-json\/wp\/v2\/media?parent=5936"}],"wp:term":[{"taxonomy":"category","embeddable":true,"href":"https:\/\/www.aguram.org\/aguram\/wp-json\/wp\/v2\/categories?post=5936"},{"taxonomy":"post_tag","embeddable":true,"href":"https:\/\/www.aguram.org\/aguram\/wp-json\/wp\/v2\/tags?post=5936"}],"curies":[{"name":"wp","href":"https:\/\/api.w.org\/{rel}","templated":true}]}}