
{"id":5756,"date":"2021-12-17T14:43:00","date_gmt":"2021-12-17T14:43:00","guid":{"rendered":"https:\/\/www.aguram.org\/aguram\/?p=5756"},"modified":"2022-03-17T14:43:58","modified_gmt":"2022-03-17T14:43:58","slug":"une-charte-de-cooperation-pour-le-nord-lorrain","status":"publish","type":"post","link":"https:\/\/www.aguram.org\/aguram\/une-charte-de-cooperation-pour-le-nord-lorrain\/","title":{"rendered":"UNE CHARTE DE COOP\u00c9RATION POUR LE NORD LORRAIN"},"content":{"rendered":"\n<p><strong>Les pr\u00e9sidents des 16 EPCI de l\u2019espace nord lorrain (Briey, Longwy, Thionville, Metz), situ\u00e9 sur l\u2019axe Metz-Luxembourg, se sont r\u00e9unis le 14 d\u00e9cembre 2021 \u00e0 Bouzonville pour signer une <span class=\"has-inline-color has-luminous-vivid-orange-color\">charte de Coop\u00e9ration du territoire<\/span>. Cet espace de dialogue \u00e0 cheval sur les d\u00e9partements de la Moselle et de la Meurthe-et-Moselle, rassemble notamment l&rsquo;Eurom\u00e9tropole de Metz, la Communaut\u00e9 d&rsquo;agglom\u00e9ration Portes de France-Thionville, le Grand Longwy, la Communaut\u00e9 de communes Rives de Moselle, etc.<\/strong><\/p>\n\n\n\n<p><strong>Par la m\u00eame occasion, des PTRTE entre l&rsquo;\u00c9tat, la R\u00e9gion Grand Est et 9 EPCI nord lorrains ont \u00e9t\u00e9 conclus (<a href=\"https:\/\/www.grandest.fr\/pactes-territoriaux-de-relance-et-de-transition-ecologique\/\" target=\"_blank\" rel=\"noreferrer noopener\">+ d\u2019infos sur les PTRTE<\/a>).<\/strong><\/p>\n\n\n\n<p><strong>Deux temps forts organis\u00e9s par l&rsquo;Agence AGURAM, et pr\u00e9c\u00e9d\u00e9s d&rsquo;une pr\u00e9sentation des r\u00e9sultats d&rsquo;ateliers sur 9 th\u00e9matiques de coop\u00e9ration par les \u00e9lus porteurs. Objectif : mettre en place des actions concr\u00e8tes d\u00e8s 2022 pour r\u00e9pondre aux attentes des habitants.<\/strong><\/p>\n","protected":false},"excerpt":{"rendered":"<p>Les pr\u00e9sidents des 16 EPCI de l\u2019espace nord lorrain (Briey, Longwy, Thionville, Metz), situ\u00e9 sur l\u2019axe Metz-Luxembourg, se sont r\u00e9unis le 14 d\u00e9cembre 2021 \u00e0 Bouzonville pour signer une charte de Coop\u00e9ration du territoire. Cet espace de dialogue \u00e0 cheval sur les d\u00e9partements de la Moselle et de la Meurthe-et-Moselle, rassemble notamment l&rsquo;Eurom\u00e9tropole de Metz, [&hellip;]<\/p>\n","protected":false},"author":7,"featured_media":5757,"comment_status":"closed","ping_status":"closed","sticky":false,"template":"","format":"standard","meta":{"footnotes":""},"categories":[29,425,39],"tags":[931,928,933,404,930,929,790,696],"class_list":["post-5756","post","type-post","status-publish","format-standard","has-post-thumbnail","hentry","category-breves-aguram","category-grands-territoires-breves-aguram","category-mobilite","tag-briey","tag-cooperation","tag-longwy","tag-metz-2","tag-nord-lorrain","tag-nord-lorraine-2","tag-ptrte","tag-thionville-2"],"jetpack_featured_media_url":"https:\/\/www.aguram.org\/wp-content\/uploads\/2022\/03\/Capture.png","_links":{"self":[{"href":"https:\/\/www.aguram.org\/aguram\/wp-json\/wp\/v2\/posts\/5756","targetHints":{"allow":["GET"]}}],"collection":[{"href":"https:\/\/www.aguram.org\/aguram\/wp-json\/wp\/v2\/posts"}],"about":[{"href":"https:\/\/www.aguram.org\/aguram\/wp-json\/wp\/v2\/types\/post"}],"author":[{"embeddable":true,"href":"https:\/\/www.aguram.org\/aguram\/wp-json\/wp\/v2\/users\/7"}],"replies":[{"embeddable":true,"href":"https:\/\/www.aguram.org\/aguram\/wp-json\/wp\/v2\/comments?post=5756"}],"version-history":[{"count":1,"href":"https:\/\/www.aguram.org\/aguram\/wp-json\/wp\/v2\/posts\/5756\/revisions"}],"predecessor-version":[{"id":5758,"href":"https:\/\/www.aguram.org\/aguram\/wp-json\/wp\/v2\/posts\/5756\/revisions\/5758"}],"wp:featuredmedia":[{"embeddable":true,"href":"https:\/\/www.aguram.org\/aguram\/wp-json\/wp\/v2\/media\/5757"}],"wp:attachment":[{"href":"https:\/\/www.aguram.org\/aguram\/wp-json\/wp\/v2\/media?parent=5756"}],"wp:term":[{"taxonomy":"category","embeddable":true,"href":"https:\/\/www.aguram.org\/aguram\/wp-json\/wp\/v2\/categories?post=5756"},{"taxonomy":"post_tag","embeddable":true,"href":"https:\/\/www.aguram.org\/aguram\/wp-json\/wp\/v2\/tags?post=5756"}],"curies":[{"name":"wp","href":"https:\/\/api.w.org\/{rel}","templated":true}]}}