
{"id":5589,"date":"2021-12-06T16:00:15","date_gmt":"2021-12-06T16:00:15","guid":{"rendered":"https:\/\/www.aguram.org\/aguram\/?p=5589"},"modified":"2023-07-24T13:49:32","modified_gmt":"2023-07-24T13:49:32","slug":"carnet-dactualite-04","status":"publish","type":"post","link":"https:\/\/www.aguram.org\/aguram\/carnet-dactualite-04\/","title":{"rendered":"CARNET D\u2019ACTUALIT\u00c9 #04"},"content":{"rendered":"\n<p><strong>L\u2019AGURAM vous propose un <span class=\"has-inline-color has-luminous-vivid-orange-color\">Carnet d\u2019Actualit\u00e9 <\/span>dans les domaines de l\u2019urbanisme, de l\u2019am\u00e9nagement, de l\u2019environnement et de l\u2019habitat. Il s\u2019agit d\u2019un&nbsp;<span class=\"has-inline-color has-luminous-vivid-orange-color\">d\u00e9cryptage r\u00e9glementaire d\u2019informations r\u00e9centes <\/span>\u00e0 destination des \u00e9lus et acteurs de la planification territoriale. Cette 4e \u00e9dition propose un focus sur la loi Climat &amp; r\u00e9silience.<\/strong><\/p>\n\n\n\n<!--more-->\n\n\n\n<p>L\u2019ann\u00e9e 2021 est marqu\u00e9e par une forte actualit\u00e9 en mati\u00e8re d\u2019urbanisme et d\u2019am\u00e9nagement du territoire. La loi Climat &amp; r\u00e9silience du 22 ao\u00fbt 2021 traduit une grande partie des 146 propositions de la Convention citoyenne pour le climat retenues par le chef de l&rsquo;\u00c9tat, notamment pour r\u00e9duire les \u00e9missions de gaz \u00e0 effet de serre de 40 % d&rsquo;ici 2030.<\/p>\n\n\n\n<p>Ce nouveau texte modifie notamment les Codes de l\u2019urbanisme et de l\u2019environnement, avec des impacts imm\u00e9diats pour les \u00e9tudes en cours et \u00e0 venir.<\/p>\n\n\n\n<p>Ce nouveau Carnet propose un <strong>d\u00e9cryptage notamment sous l\u2019angle des documents de planification, comme le Plan local d\u2019urbanisme intercommunal (PLUi), mais aussi plus largement pour tout ce qui concerne l\u2019am\u00e9nagement du territoire.<\/strong><\/p>\n\n\n\n<p>Dans le num\u00e9ro de d\u00e9cembre 2020, la notion de \u00ab Z\u00e9ro artificialisation nette \u00bb (ZAN) qui figure d\u00e9sormais dans la loi \u00e9tait \u00e9voqu\u00e9e. Le pr\u00e9sent carnet d\u00e9marre par un focus sur les effets de la loi Climat &amp; r\u00e9silience en mati\u00e8re d\u2019urbanisme et d\u2019am\u00e9nagement. Des <strong>sch\u00e9mas <\/strong>sont propos\u00e9s d\u00e8s lors qu\u2019ils permettent de bien d\u00e9crypter les principales \u00e9volutions. Vous d\u00e9couvrirez, par ailleurs, des informations juridiques simplifi\u00e9es relatives aux autorisations d\u2019urbanisme, \u00e0 l\u2019environnement et \u00e0 l\u2019\u00e9nergie.<\/p>\n\n\n\n<div class=\"wp-block-image\"><figure class=\"aligncenter size-large is-resized\"><a href=\"https:\/\/www.aguram.org\/wp-content\/uploads\/2021\/12\/InfographieCA-1.png\"><img loading=\"lazy\" decoding=\"async\" src=\"https:\/\/www.aguram.org\/wp-content\/uploads\/2021\/12\/InfographieCA-1-1024x649.png\" alt=\"\" class=\"wp-image-5591\" width=\"541\" height=\"342\" srcset=\"https:\/\/www.aguram.org\/wp-content\/uploads\/2021\/12\/InfographieCA-1-1024x649.png 1024w, https:\/\/www.aguram.org\/wp-content\/uploads\/2021\/12\/InfographieCA-1-300x190.png 300w, https:\/\/www.aguram.org\/wp-content\/uploads\/2021\/12\/InfographieCA-1-768x487.png 768w, https:\/\/www.aguram.org\/wp-content\/uploads\/2021\/12\/InfographieCA-1-1536x974.png 1536w, https:\/\/www.aguram.org\/wp-content\/uploads\/2021\/12\/InfographieCA-1.png 1732w\" sizes=\"auto, (max-width: 541px) 100vw, 541px\" \/><\/a><figcaption><em><span class=\"has-inline-color has-cyan-bluish-gray-color\">L&rsquo;un des sch\u00e9mas \u00e0 retrouver en page 6 du Carnet<\/span><\/em><\/figcaption><\/figure><\/div>\n\n\n\n<p>N\u2019h\u00e9sitez pas \u00e0 partager largement cette publication, \u00e0 visiter r\u00e9guli\u00e8rement ce site et \u00e0 vous abonner \u00e0 nos pages sur les r\u00e9seaux sociaux pour suivre notre actualit\u00e9 et nos travaux.<\/p>\n\n\n\n<p>Retrouvez \u00e9galement le <strong><a href=\"https:\/\/www.aguram.org\/aguram\/hors-serie-carnet-dactualite-6-schemas-pour-comprendre-le-volet-urbanisme-de-la-loi-climat-resilience\/\"><span class=\"has-inline-color has-luminous-vivid-orange-color\">Hors-s\u00e9rie<\/span><\/a> <\/strong>de ce Carnet d&rsquo;actualit\u00e9 n\u00b0 4, qui pr\u00e9sente une <strong>s\u00e9lection des principales \u00e9volutions induites par la loi en mati\u00e8re d\u2019am\u00e9nagement du territoire \u00e0 travers 6 sch\u00e9mas de synth\u00e8se <\/strong>(\u00e0 jour suite \u00e0 la loi 3DS &nbsp;relative \u00e0 la diff\u00e9renciation, la d\u00e9centralisation, la d\u00e9concentration et la simplification du 21\/02\/2022).<\/p>\n","protected":false},"excerpt":{"rendered":"<p>L\u2019AGURAM vous propose un Carnet d\u2019Actualit\u00e9 dans les domaines de l\u2019urbanisme, de l\u2019am\u00e9nagement, de l\u2019environnement et de l\u2019habitat. Il s\u2019agit d\u2019un&nbsp;d\u00e9cryptage r\u00e9glementaire d\u2019informations r\u00e9centes \u00e0 destination des \u00e9lus et acteurs de la planification territoriale. Cette 4e \u00e9dition propose un focus sur la loi Climat &amp; r\u00e9silience.<\/p>\n","protected":false},"author":7,"featured_media":5593,"comment_status":"closed","ping_status":"closed","sticky":false,"template":"","format":"standard","meta":{"footnotes":""},"categories":[911,80,51,94],"tags":[697,682,880,683,906,907,275,832,701,703],"class_list":["post-5589","post","type-post","status-publish","format-standard","has-post-thumbnail","hentry","category-carnet-dactualite","category-environnement-energie-climat","category-planification-foncier","category-projets-urbains","tag-carnet-2","tag-climat-2","tag-decryptage-2","tag-environnement-2","tag-juridique","tag-loi-climat-resilience","tag-planification-2","tag-sobriete-fonciere","tag-veille-2","tag-zan-2"],"jetpack_featured_media_url":"https:\/\/www.aguram.org\/wp-content\/uploads\/2021\/12\/CA-e1638806439856.png","_links":{"self":[{"href":"https:\/\/www.aguram.org\/aguram\/wp-json\/wp\/v2\/posts\/5589","targetHints":{"allow":["GET"]}}],"collection":[{"href":"https:\/\/www.aguram.org\/aguram\/wp-json\/wp\/v2\/posts"}],"about":[{"href":"https:\/\/www.aguram.org\/aguram\/wp-json\/wp\/v2\/types\/post"}],"author":[{"embeddable":true,"href":"https:\/\/www.aguram.org\/aguram\/wp-json\/wp\/v2\/users\/7"}],"replies":[{"embeddable":true,"href":"https:\/\/www.aguram.org\/aguram\/wp-json\/wp\/v2\/comments?post=5589"}],"version-history":[{"count":8,"href":"https:\/\/www.aguram.org\/aguram\/wp-json\/wp\/v2\/posts\/5589\/revisions"}],"predecessor-version":[{"id":6453,"href":"https:\/\/www.aguram.org\/aguram\/wp-json\/wp\/v2\/posts\/5589\/revisions\/6453"}],"wp:featuredmedia":[{"embeddable":true,"href":"https:\/\/www.aguram.org\/aguram\/wp-json\/wp\/v2\/media\/5593"}],"wp:attachment":[{"href":"https:\/\/www.aguram.org\/aguram\/wp-json\/wp\/v2\/media?parent=5589"}],"wp:term":[{"taxonomy":"category","embeddable":true,"href":"https:\/\/www.aguram.org\/aguram\/wp-json\/wp\/v2\/categories?post=5589"},{"taxonomy":"post_tag","embeddable":true,"href":"https:\/\/www.aguram.org\/aguram\/wp-json\/wp\/v2\/tags?post=5589"}],"curies":[{"name":"wp","href":"https:\/\/api.w.org\/{rel}","templated":true}]}}