
{"id":5571,"date":"2021-12-02T10:47:46","date_gmt":"2021-12-02T10:47:46","guid":{"rendered":"https:\/\/www.aguram.org\/aguram\/?p=5571"},"modified":"2021-12-02T10:57:02","modified_gmt":"2021-12-02T10:57:02","slug":"rendez-vous-avec-le-territoire-laguram-accompagne-mad-moselle-dans-sa-tournee-plui","status":"publish","type":"post","link":"https:\/\/www.aguram.org\/aguram\/rendez-vous-avec-le-territoire-laguram-accompagne-mad-moselle-dans-sa-tournee-plui\/","title":{"rendered":"RENDEZ-VOUS AVEC LE TERRITOIRE : L\u2019AGURAM ACCOMPAGNE MAD &#038; MOSELLE DANS SA \u00ab TOURN\u00c9E \u00bb #PLUI"},"content":{"rendered":"\n<p><strong>L\u2019AGURAM accompagne la <\/strong><a href=\"https:\/\/www.cc-madetmoselle.fr\/index.php\/l-intercommunalite\/urbanisme\/plui\"><strong>Communaut\u00e9 de communes de Mad &amp; Moselle<\/strong><\/a><strong> dans l\u2019\u00e9laboration de son projet de territoire (PLUi). Apr\u00e8s plusieurs mois de travaux associant \u00e9lus communautaires et municipaux, l\u2019agence a pr\u00e9sent\u00e9 les conclusions du diagnostic territorial aux habitants et acteurs du territoire. Elle a r\u00e9alis\u00e9 <span class=\"has-inline-color has-luminous-vivid-orange-color\">un livret et une exposition<\/span> pour mettre un coup de projecteur sur les principaux enjeux pour l\u2019avenir de l\u2019intercommunalit\u00e9, auxquels le PLUi pourra apporter des r\u00e9ponses : mosa\u00efque de paysages \u00e0 prot\u00e9ger, activit\u00e9s \u00e9conomiques \u00e0 ancrer, ou encore \u00e9volution du b\u00e2ti \u00e0 encadrer. Ces documents p\u00e9dagogiques sont notamment diffus\u00e9s lors de la <\/strong><a href=\"https:\/\/www.cc-madetmoselle.fr\/index.php\/publication\/188-tournee\"><strong>Tourn\u00e9e<\/strong><\/a><strong>, qui invite les citoyens \u00e0 imaginer le futur de leur territoire et \u00e0 participer \u00e0 ses \u00e9volutions \u00e0 travers des temps d\u2019\u00e9changes en itin\u00e9rance dans les communes. D\u00e9couvrez-les sans attendre&nbsp;!<\/strong><\/p>\n\n\n\n<!--more-->\n\n\n\n<div class=\"wp-block-image\"><figure class=\"aligncenter size-large is-resized\"><a href=\"https:\/\/www.aguram.org\/wp-content\/uploads\/2021\/12\/02.-BREVE_PLUi_MetM_illustration2.png\"><img loading=\"lazy\" decoding=\"async\" src=\"https:\/\/www.aguram.org\/wp-content\/uploads\/2021\/12\/02.-BREVE_PLUi_MetM_illustration2-1024x868.png\" alt=\"\" class=\"wp-image-5572\" width=\"558\" height=\"472\" srcset=\"https:\/\/www.aguram.org\/wp-content\/uploads\/2021\/12\/02.-BREVE_PLUi_MetM_illustration2-1024x868.png 1024w, https:\/\/www.aguram.org\/wp-content\/uploads\/2021\/12\/02.-BREVE_PLUi_MetM_illustration2-300x254.png 300w, https:\/\/www.aguram.org\/wp-content\/uploads\/2021\/12\/02.-BREVE_PLUi_MetM_illustration2-768x651.png 768w, https:\/\/www.aguram.org\/wp-content\/uploads\/2021\/12\/02.-BREVE_PLUi_MetM_illustration2.png 1175w\" sizes=\"auto, (max-width: 558px) 100vw, 558px\" \/><\/a><figcaption><em>T\u00e9l\u00e9chargez ci-dessous le livret et d\u00e9couvrez les panneaux d\u2019exposition sur les grandes \u00e9tapes du PLUi de Mad &amp; Moselle<\/em><\/figcaption><\/figure><\/div>\n\n\n\n<hr class=\"wp-block-separator\"\/>\n\n\n\n<h4 class=\"wp-block-heading\"><strong>++INFO<\/strong><\/h4>\n\n\n\n<p>L\u2019AGURAM accompagne l\u2019intercommunalit\u00e9 et ses 48 communes tout au long du processus d\u2019\u00e9laboration du Plan local d\u2019urbanisme intercommunal : pilotage et animation des \u00e9tudes, accompagnement des \u00e9lus dans la formalisation de leurs choix, et r\u00e9daction des diff\u00e9rentes pi\u00e8ces du PLUi (rapport de pr\u00e9sentation, projet d&rsquo;am\u00e9nagement et de d\u00e9veloppement durables, r\u00e8glement \u00e9crit et graphique, orientations d&rsquo;am\u00e9nagement et de programmation).<\/p>\n\n\n\n<hr class=\"wp-block-separator\"\/>\n","protected":false},"excerpt":{"rendered":"<p>L\u2019AGURAM accompagne la Communaut\u00e9 de communes de Mad &amp; Moselle dans l\u2019\u00e9laboration de son projet de territoire (PLUi). Apr\u00e8s plusieurs mois de travaux associant \u00e9lus communautaires et municipaux, l\u2019agence a pr\u00e9sent\u00e9 les conclusions du diagnostic territorial aux habitants et acteurs du territoire. Elle a r\u00e9alis\u00e9 un livret et une exposition pour mettre un coup de [&hellip;]<\/p>\n","protected":false},"author":7,"featured_media":5573,"comment_status":"closed","ping_status":"closed","sticky":false,"template":"","format":"standard","meta":{"footnotes":""},"categories":[51],"tags":[900,275,113,722],"class_list":["post-5571","post","type-post","status-publish","format-standard","has-post-thumbnail","hentry","category-planification-foncier","tag-mad-moselle","tag-planification-2","tag-plui","tag-projet-de-territoire"],"jetpack_featured_media_url":"https:\/\/www.aguram.org\/wp-content\/uploads\/2021\/12\/02.-BREVE_PLUi_MetM_illustration-e1638442149966.png","_links":{"self":[{"href":"https:\/\/www.aguram.org\/aguram\/wp-json\/wp\/v2\/posts\/5571","targetHints":{"allow":["GET"]}}],"collection":[{"href":"https:\/\/www.aguram.org\/aguram\/wp-json\/wp\/v2\/posts"}],"about":[{"href":"https:\/\/www.aguram.org\/aguram\/wp-json\/wp\/v2\/types\/post"}],"author":[{"embeddable":true,"href":"https:\/\/www.aguram.org\/aguram\/wp-json\/wp\/v2\/users\/7"}],"replies":[{"embeddable":true,"href":"https:\/\/www.aguram.org\/aguram\/wp-json\/wp\/v2\/comments?post=5571"}],"version-history":[{"count":2,"href":"https:\/\/www.aguram.org\/aguram\/wp-json\/wp\/v2\/posts\/5571\/revisions"}],"predecessor-version":[{"id":5579,"href":"https:\/\/www.aguram.org\/aguram\/wp-json\/wp\/v2\/posts\/5571\/revisions\/5579"}],"wp:featuredmedia":[{"embeddable":true,"href":"https:\/\/www.aguram.org\/aguram\/wp-json\/wp\/v2\/media\/5573"}],"wp:attachment":[{"href":"https:\/\/www.aguram.org\/aguram\/wp-json\/wp\/v2\/media?parent=5571"}],"wp:term":[{"taxonomy":"category","embeddable":true,"href":"https:\/\/www.aguram.org\/aguram\/wp-json\/wp\/v2\/categories?post=5571"},{"taxonomy":"post_tag","embeddable":true,"href":"https:\/\/www.aguram.org\/aguram\/wp-json\/wp\/v2\/tags?post=5571"}],"curies":[{"name":"wp","href":"https:\/\/api.w.org\/{rel}","templated":true}]}}