
{"id":5215,"date":"2021-06-08T14:56:18","date_gmt":"2021-06-08T14:56:18","guid":{"rendered":"https:\/\/www.aguram.org\/aguram\/?p=5215"},"modified":"2021-06-08T14:56:21","modified_gmt":"2021-06-08T14:56:21","slug":"mad-moselle-un-avenir-qui-se-construit-avec-les-habitants","status":"publish","type":"post","link":"https:\/\/www.aguram.org\/aguram\/mad-moselle-un-avenir-qui-se-construit-avec-les-habitants\/","title":{"rendered":"MAD &#038; MOSELLE : UN AVENIR QUI SE CONSTRUIT AVEC LES HABITANTS !"},"content":{"rendered":"\n<p><strong>L\u2019AGURAM accompagne la <\/strong><a href=\"https:\/\/www.cc-madetmoselle.fr\/index.php\/l-intercommunalite\/urbanisme\/plui\"><strong>Communaut\u00e9 de communes de Mad &amp; Moselle<\/strong><\/a><strong> dans l\u2019\u00e9laboration de son Plan local d\u2019urbanisme intercommunal, engag\u00e9 en 2019. Objectif pour l\u2019interco : se doter d\u2019un document partag\u00e9 \u00e0 l\u2019\u00e9chelle des 48 communes, \u00e0 m\u00eame de projeter le territoire de demain. Espaces agricoles \u00e0 prot\u00e9ger, chemins \u00e0 am\u00e9nager, sites urbains \u00e0 recomposer ou \u00e0 d\u00e9velopper, ou encore espaces naturels \u00e0 valoriser&nbsp;: le d\u00e9fi est de concevoir des r\u00e8gles d\u2019urbanisme applicables \u00e0 l\u2019ensemble du territoire. L\u2019agence participe \u00e0 l\u2019animation de cette ambitieuse d\u00e9marche, ainsi qu\u2019\u00e0 la production d\u2019\u00e9tudes. La 1<sup>\u00e8re<\/sup> phase d\u2019identification des enjeux s\u2019ach\u00e8vera \u00e0 l\u2019\u00e9t\u00e9 2021. Pour construire ce projet avec les habitants, des temps d\u2019\u00e9change et d\u2019expression en ateliers ou sur l\u2019espace public sont propos\u00e9s. Micros-trottoirs, cin\u00e9-d\u00e9bat, ou encore balades paysag\u00e8res sont pr\u00e9vus dans les prochains mois.<\/strong><\/p>\n\n\n\n<!--more-->\n\n\n\n<div class=\"wp-block-image\"><figure class=\"aligncenter size-large\"><a href=\"https:\/\/www.aguram.org\/wp-content\/uploads\/2021\/06\/LA_TOURNEE_CCMM.pdf\" target=\"_blank\" rel=\"noopener noreferrer\"><img loading=\"lazy\" decoding=\"async\" width=\"1024\" height=\"681\" src=\"https:\/\/www.aguram.org\/wp-content\/uploads\/2021\/06\/02.BREVE_Avancement_PLUi_MetM_illustration2-1024x681.png\" alt=\"\" class=\"wp-image-5216\" srcset=\"https:\/\/www.aguram.org\/wp-content\/uploads\/2021\/06\/02.BREVE_Avancement_PLUi_MetM_illustration2-1024x681.png 1024w, https:\/\/www.aguram.org\/wp-content\/uploads\/2021\/06\/02.BREVE_Avancement_PLUi_MetM_illustration2-300x200.png 300w, https:\/\/www.aguram.org\/wp-content\/uploads\/2021\/06\/02.BREVE_Avancement_PLUi_MetM_illustration2-768x511.png 768w, https:\/\/www.aguram.org\/wp-content\/uploads\/2021\/06\/02.BREVE_Avancement_PLUi_MetM_illustration2.png 1045w\" sizes=\"auto, (max-width: 1024px) 100vw, 1024px\" \/><\/a><figcaption><em>Pour en savoir plus, t\u00e9l\u00e9chargez la <a href=\"https:\/\/www.aguram.org\/wp-content\/uploads\/2021\/06\/LA_TOURNEE_CCMM.pdf\" target=\"_blank\" rel=\"noreferrer noopener\">plaquette de pr\u00e9sentation<\/a> du PLUi de Mad &amp; Moselle et de la tourn\u00e9e citoyenne<\/em><\/figcaption><\/figure><\/div>\n\n\n\n<p><\/p>\n","protected":false},"excerpt":{"rendered":"<p>L\u2019AGURAM accompagne la Communaut\u00e9 de communes de Mad &amp; Moselle dans l\u2019\u00e9laboration de son Plan local d\u2019urbanisme intercommunal, engag\u00e9 en 2019. Objectif pour l\u2019interco : se doter d\u2019un document partag\u00e9 \u00e0 l\u2019\u00e9chelle des 48 communes, \u00e0 m\u00eame de projeter le territoire de demain. Espaces agricoles \u00e0 prot\u00e9ger, chemins \u00e0 am\u00e9nager, sites urbains \u00e0 recomposer ou [&hellip;]<\/p>\n","protected":false},"author":7,"featured_media":5217,"comment_status":"closed","ping_status":"closed","sticky":false,"template":"","format":"standard","meta":{"footnotes":""},"categories":[90],"tags":[275,113,722,699],"class_list":["post-5215","post","type-post","status-publish","format-standard","has-post-thumbnail","hentry","category-planification","tag-planification-2","tag-plui","tag-projet-de-territoire","tag-urbanisme-2"],"jetpack_featured_media_url":"https:\/\/www.aguram.org\/wp-content\/uploads\/2021\/06\/02.BREVE_Avancement_PLUi_MetM_illustration.png","_links":{"self":[{"href":"https:\/\/www.aguram.org\/aguram\/wp-json\/wp\/v2\/posts\/5215","targetHints":{"allow":["GET"]}}],"collection":[{"href":"https:\/\/www.aguram.org\/aguram\/wp-json\/wp\/v2\/posts"}],"about":[{"href":"https:\/\/www.aguram.org\/aguram\/wp-json\/wp\/v2\/types\/post"}],"author":[{"embeddable":true,"href":"https:\/\/www.aguram.org\/aguram\/wp-json\/wp\/v2\/users\/7"}],"replies":[{"embeddable":true,"href":"https:\/\/www.aguram.org\/aguram\/wp-json\/wp\/v2\/comments?post=5215"}],"version-history":[{"count":2,"href":"https:\/\/www.aguram.org\/aguram\/wp-json\/wp\/v2\/posts\/5215\/revisions"}],"predecessor-version":[{"id":5250,"href":"https:\/\/www.aguram.org\/aguram\/wp-json\/wp\/v2\/posts\/5215\/revisions\/5250"}],"wp:featuredmedia":[{"embeddable":true,"href":"https:\/\/www.aguram.org\/aguram\/wp-json\/wp\/v2\/media\/5217"}],"wp:attachment":[{"href":"https:\/\/www.aguram.org\/aguram\/wp-json\/wp\/v2\/media?parent=5215"}],"wp:term":[{"taxonomy":"category","embeddable":true,"href":"https:\/\/www.aguram.org\/aguram\/wp-json\/wp\/v2\/categories?post=5215"},{"taxonomy":"post_tag","embeddable":true,"href":"https:\/\/www.aguram.org\/aguram\/wp-json\/wp\/v2\/tags?post=5215"}],"curies":[{"name":"wp","href":"https:\/\/api.w.org\/{rel}","templated":true}]}}