
{"id":4795,"date":"2020-12-01T10:24:21","date_gmt":"2020-12-01T10:24:21","guid":{"rendered":"https:\/\/www.aguram.org\/aguram\/?p=4795"},"modified":"2020-12-01T10:28:03","modified_gmt":"2020-12-01T10:28:03","slug":"transition-ecologique-fiches-actions-et-exemples-de-bonnes-pratiques-pour-les-collectivites","status":"publish","type":"post","link":"https:\/\/www.aguram.org\/aguram\/transition-ecologique-fiches-actions-et-exemples-de-bonnes-pratiques-pour-les-collectivites\/","title":{"rendered":"TRANSITION \u00c9COLOGIQUE : FICHES ACTIONS ET EXEMPLES DE BONNES PRATIQUES POUR LES COLLECTIVIT\u00c9S"},"content":{"rendered":"\n<p><strong>Le guide \u00ab&nbsp;Aujourd&rsquo;hui mon territoire \u00bb de l\u2019ADEME propose des <span class=\"has-inline-color has-luminous-vivid-orange-color\">cl\u00e9s et des actions concr\u00e8tes pour les \u00e9lus qui ont la volont\u00e9 de renforcer la place de l&rsquo;environnement dans la gestion quotidienne de leurs territoires<\/span>.&nbsp;Ses 42 fiches exposent des solutions exp\u00e9riment\u00e9es par des communes et intercommunalit\u00e9s, en m\u00e9tropole et en outre-mer. Il montre qu&rsquo;il est possible de gagner en lien social, qualit\u00e9 de vie et dynamisme \u00e9conomique tout en r\u00e9duisant l&#8217;empreinte carbone de la ville. Transition \u00e9nerg\u00e9tique, renforcement de la biodiversit\u00e9, mobilit\u00e9 durable, adaptation au changement climatique, am\u00e9nagement durable, etc.&nbsp;: l\u2019agence d\u2019urbanisme peut vous accompagner dans vos projets, n\u2019h\u00e9sitez pas \u00e0 nous contacter.<\/strong><\/p>\n\n\n\n<!--more-->\n\n\n\n<p>L\u2019AGURAM r\u00e9alise, par exemple, une \u00e9tude de strat\u00e9gie fonci\u00e8re agricole pour le Projet alimentaire territorial de Metz M\u00e9tropole. Elle travaille \u00e9galement sur un programme de renforcement de la nature en ville \u00e0 Metz. Elle accompagne aussi les communaut\u00e9s de communes de la Houve et du Pays Boulageois, du Pays Orne-Moselle, de Mad &amp; Moselle, la Communaut\u00e9 d\u2019agglom\u00e9ration du Val de Fensch et Metz M\u00e9tropole dans leurs d\u00e9marches de Plans climat-air-\u00e9nergie territoriaux.<\/p>\n\n\n\n<p>Ci-dessous, t\u00e9l\u00e9chargez le guide de l&rsquo;ADEME, mais \u00e9galement les <strong>chiffres-cl\u00e9s 2020<\/strong>.<\/p>\n\n\n\n<div class=\"wp-block-image\"><figure class=\"aligncenter size-large\"><img loading=\"lazy\" decoding=\"async\" width=\"974\" height=\"530\" src=\"https:\/\/www.aguram.org\/wp-content\/uploads\/2020\/12\/IMG.png\" alt=\"\" class=\"wp-image-4797\" srcset=\"https:\/\/www.aguram.org\/wp-content\/uploads\/2020\/12\/IMG.png 974w, https:\/\/www.aguram.org\/wp-content\/uploads\/2020\/12\/IMG-300x163.png 300w, https:\/\/www.aguram.org\/wp-content\/uploads\/2020\/12\/IMG-768x418.png 768w\" sizes=\"auto, (max-width: 974px) 100vw, 974px\" \/><\/figure><\/div>\n","protected":false},"excerpt":{"rendered":"<p>Le guide \u00ab&nbsp;Aujourd&rsquo;hui mon territoire \u00bb de l\u2019ADEME propose des cl\u00e9s et des actions concr\u00e8tes pour les \u00e9lus qui ont la volont\u00e9 de renforcer la place de l&rsquo;environnement dans la gestion quotidienne de leurs territoires.&nbsp;Ses 42 fiches exposent des solutions exp\u00e9riment\u00e9es par des communes et intercommunalit\u00e9s, en m\u00e9tropole et en outre-mer. Il montre qu&rsquo;il est [&hellip;]<\/p>\n","protected":false},"author":7,"featured_media":4796,"comment_status":"closed","ping_status":"closed","sticky":false,"template":"","format":"standard","meta":{"footnotes":""},"categories":[80],"tags":[678,684,682,680,683,685,679],"class_list":["post-4795","post","type-post","status-publish","format-standard","has-post-thumbnail","hentry","category-environnement-energie-climat","tag-ademe","tag-biodiversite-2","tag-climat-2","tag-ecologique","tag-environnement-2","tag-pcaet-2","tag-transition-2"],"jetpack_featured_media_url":"https:\/\/www.aguram.org\/wp-content\/uploads\/2020\/12\/AMT-couv.png","_links":{"self":[{"href":"https:\/\/www.aguram.org\/aguram\/wp-json\/wp\/v2\/posts\/4795","targetHints":{"allow":["GET"]}}],"collection":[{"href":"https:\/\/www.aguram.org\/aguram\/wp-json\/wp\/v2\/posts"}],"about":[{"href":"https:\/\/www.aguram.org\/aguram\/wp-json\/wp\/v2\/types\/post"}],"author":[{"embeddable":true,"href":"https:\/\/www.aguram.org\/aguram\/wp-json\/wp\/v2\/users\/7"}],"replies":[{"embeddable":true,"href":"https:\/\/www.aguram.org\/aguram\/wp-json\/wp\/v2\/comments?post=4795"}],"version-history":[{"count":3,"href":"https:\/\/www.aguram.org\/aguram\/wp-json\/wp\/v2\/posts\/4795\/revisions"}],"predecessor-version":[{"id":4802,"href":"https:\/\/www.aguram.org\/aguram\/wp-json\/wp\/v2\/posts\/4795\/revisions\/4802"}],"wp:featuredmedia":[{"embeddable":true,"href":"https:\/\/www.aguram.org\/aguram\/wp-json\/wp\/v2\/media\/4796"}],"wp:attachment":[{"href":"https:\/\/www.aguram.org\/aguram\/wp-json\/wp\/v2\/media?parent=4795"}],"wp:term":[{"taxonomy":"category","embeddable":true,"href":"https:\/\/www.aguram.org\/aguram\/wp-json\/wp\/v2\/categories?post=4795"},{"taxonomy":"post_tag","embeddable":true,"href":"https:\/\/www.aguram.org\/aguram\/wp-json\/wp\/v2\/tags?post=4795"}],"curies":[{"name":"wp","href":"https:\/\/api.w.org\/{rel}","templated":true}]}}