
{"id":47901,"date":"2026-03-17T15:17:48","date_gmt":"2026-03-17T15:17:48","guid":{"rendered":"https:\/\/www.aguram.org\/aguram\/?p=47901"},"modified":"2026-03-24T10:55:01","modified_gmt":"2026-03-24T10:55:01","slug":"val-de-rosselle-une-strategie-de-developpement-commercial-artisanal-partagee-pour-les-78-communes","status":"publish","type":"post","link":"https:\/\/www.aguram.org\/aguram\/val-de-rosselle-une-strategie-de-developpement-commercial-artisanal-partagee-pour-les-78-communes\/","title":{"rendered":"VAL DE ROSSELLE \/ UNE STRAT\u00c9GIE DE D\u00c9VELOPPEMENT COMMERCIAL &amp; ARTISANAL PARTAG\u00c9E POUR LES 78 COMMUNES"},"content":{"rendered":"\n<p><strong>Le syndicat mixte du SCoT du Val de Rosselle a <mark style=\"background-color:rgba(0, 0, 0, 0)\" class=\"has-inline-color has-luminous-vivid-orange-color\">approuv\u00e9 la modification du Sch\u00e9ma de coh\u00e9rence territoriale<\/mark> le 16 f\u00e9vrier 2026, apr\u00e8s la p\u00e9riode r\u00e8glementaire d\u2019enqu\u00eate publique. Le document comprend d\u00e9sormais un document d&rsquo;am\u00e9nagement artisanal et commercial (Daac), fa\u00e7onn\u00e9 par l\u2019agence d\u2019urbanisme.<\/strong><\/p>\n\n\n\n<p><strong>L\u2019AGURAM \u00e9tait aux c\u00f4t\u00e9s des \u00e9lus et des services techniques des 4 intercommunalit\u00e9s tout au long de la d\u00e9marche. \u00c0 travers les communaut\u00e9s d&rsquo;agglom\u00e9ration Forbach Porte de France et Saint-Avold Synergie et les communaut\u00e9s de communes de Freyming-Merlebach et du Warndt, ce sont plus de 180 000 habitants et 78 communes qui sont concern\u00e9s par ce projet de territoire.&nbsp; On fait le point.<\/strong><\/p>\n\n\n\n<!--more-->\n\n\n\n<h4 class=\"wp-block-heading\"><strong>SCOT\u00a0: UN DOCUMENT STRAT\u00c9GIQUE EN MATI\u00c8RE D\u2019AM\u00c9NAGEMENT<\/strong><\/h4>\n\n\n\n<p>Un SCoT est un plan de coh\u00e9rence qui d\u00e9termine l\u2019organisation spatiale et les grandes orientations de d\u00e9veloppement d\u2019un territoire. C\u2019est un <strong>document \u2018pivot\u2019 de planification<\/strong>, \u00e0 la fois parce qu\u2019il est <strong>multith\u00e9matique<\/strong> (il concerne le logement, les transports, le commerce, l\u2019environnement, etc.) et parce qu\u2019il assure l\u2019articulation avec les autres documents de planification (<a href=\"https:\/\/www.aguram.org\/aguram\/modification-adoptee-pour-le-sraddet-lavenir-territorial-du-grand-est-redefini\/\">Sraddet<\/a>, plans locaux d\u2019urbanisme, cartes communales).<\/p>\n\n\n\n<p>Il ne d\u00e9cide pas de chaque projet au cas par cas, mais donne un cadre auquel doivent se conformer les documents locaux et les grandes op\u00e9rations pour assurer les conditions d\u2019un d\u00e9veloppement territorial durable, prenant en compte \u00e0 la fois les ressources et sp\u00e9cificit\u00e9s locales et les besoins des habitants.<\/p>\n\n\n\n<h4 class=\"wp-block-heading\"><strong>DAAC\u00a0: CONCILIER D\u00c9VELOPPEMENT \u00c9CONOMIQUE, REVITALISATION DES CENTRES-VILLES ET MA\u00ceTRISE DE LA CONSOMMATION FONCI\u00c8RE<\/strong><\/h4>\n\n\n\n<p>Le Daac est le <strong>volet&nbsp;commercial&nbsp;du SCoT<\/strong><strong>\u202f<\/strong>: il pr\u00e9cise o\u00f9 et comment les commerces structurants (grandes surfaces, zones commerciales, etc.) peuvent s\u2019implanter et se d\u00e9velopper. Il a 2 objectifs majeurs\u202f: <strong>pr<\/strong><strong>\u00e9<\/strong><strong>server et renforcer les centralit<\/strong><strong>\u00e9<\/strong><strong>s<\/strong> (centres\u2011villes principaux, centres-villes relais et centralit\u00e9s de quartier), et encadrer les projets en p\u00e9riph\u00e9rie pour <strong>limiter l\u2019artificialisation des sols<\/strong> et mieux r\u00e9utiliser les sites d\u00e9j\u00e0 urbanis\u00e9s (reconversion de friches, densification ma\u00eetris\u00e9e). Des aspects qui jouent sur la p\u00e9rennit\u00e9 des \u00e9quipements commerciaux, mais \u00e9galement sur l\u2019identit\u00e9 du territoire et son attractivit\u00e9, les paysages et l\u2019environnement, et la qualit\u00e9 de vie en g\u00e9n\u00e9rale.<\/p>\n\n\n\n<h4 class=\"wp-block-heading\"><strong>ET LE R\u00d4LE DE L\u2019AGURAM DANS TOUT \u00c7A\u00a0?<\/strong><\/h4>\n\n\n\n<p>L\u2019agence a apport\u00e9 son assistance technique tout au long de l\u2019\u00e9laboration de ce Daac, souhait\u00e9 et port\u00e9 par les \u00e9lus du territoire. L\u2019AGURAM a f\u00e9d\u00e9r\u00e9 les acteurs autour d\u2019un <strong>diagnostic partag\u00e9<\/strong> du tissu commercial local, men\u00e9 avec la CCI 57, la CMA 57 et les partenaires transfrontaliers (ville et m\u00e9tropole de Sarrebruck, IHK et l\u2019Eurodistrict SaarMoselle). \u00c0 partir d\u2019enjeux mis en lumi\u00e8re, une strat\u00e9gie commune a \u00e9t\u00e9 co-construite lors d\u2019ateliers avec les intercommunalit\u00e9s.<\/p>\n\n\n\n<p>Le Daac, finalis\u00e9 en juin 2025, identifie&nbsp;<strong>44 localisations pr\u00e9f\u00e9rentielles d\u2019implantation commerciale<\/strong>, assorties de r\u00e8gles d\u2019am\u00e9nagement pr\u00e9cises. Il a \u00e9t\u00e9 restitu\u00e9 sous la forme d\u2019un&nbsp;<strong>livret des conditions d\u2019implantation<\/strong>&nbsp;et d\u2019un&nbsp;<strong>atlas cartographique<\/strong>.<\/p>\n\n\n\n<figure class=\"wp-block-gallery has-nested-images columns-default is-cropped wp-block-gallery-1 is-layout-flex wp-block-gallery-is-layout-flex\">\n<figure class=\"wp-block-image size-large\"><img loading=\"lazy\" decoding=\"async\" width=\"945\" height=\"668\" data-id=\"47511\" src=\"https:\/\/www.aguram.org\/wp-content\/uploads\/2025\/10\/Image1.jpg\" alt=\"\" class=\"wp-image-47511\" srcset=\"https:\/\/www.aguram.org\/wp-content\/uploads\/2025\/10\/Image1.jpg 945w, https:\/\/www.aguram.org\/wp-content\/uploads\/2025\/10\/Image1-300x212.jpg 300w, https:\/\/www.aguram.org\/wp-content\/uploads\/2025\/10\/Image1-768x543.jpg 768w\" sizes=\"auto, (max-width: 945px) 100vw, 945px\" \/><\/figure>\n<\/figure>\n\n\n\n<p>Les 4 axes strat\u00e9giques du Daac :<\/p>\n\n\n\n<ul class=\"wp-block-list\">\n<li>accompagner les mutations du commerce sans augmenter l\u2019offre globale ;<\/li>\n\n\n\n<li>r\u00e9employer et requalifier les friches et b\u00e2timents vacants ;<\/li>\n\n\n\n<li>redynamiser les centralit\u00e9s comme lieux de vie et de commerce de proximit\u00e9 ;<\/li>\n\n\n\n<li>limiter l\u2019impact environnemental et favoriser des implantations compactes, accessibles et r\u00e9silientes.<\/li>\n<\/ul>\n\n\n<div class=\"wp-block-image\">\n<figure class=\"aligncenter size-large\"><img loading=\"lazy\" decoding=\"async\" width=\"1024\" height=\"446\" src=\"https:\/\/www.aguram.org\/wp-content\/uploads\/2026\/03\/DAAC2-1024x446.png\" alt=\"\" class=\"wp-image-47902\" srcset=\"https:\/\/www.aguram.org\/wp-content\/uploads\/2026\/03\/DAAC2-1024x446.png 1024w, https:\/\/www.aguram.org\/wp-content\/uploads\/2026\/03\/DAAC2-300x131.png 300w, https:\/\/www.aguram.org\/wp-content\/uploads\/2026\/03\/DAAC2-768x334.png 768w, https:\/\/www.aguram.org\/wp-content\/uploads\/2026\/03\/DAAC2.png 1148w\" sizes=\"auto, (max-width: 1024px) 100vw, 1024px\" \/><\/figure><\/div>\n\n\n<p>Pour en savoir +\u00a0: <a href=\"https:\/\/www.scot-rosselle.com\">https:\/\/www.scot-rosselle.com<\/a><\/p>\n","protected":false},"excerpt":{"rendered":"<p>Le syndicat mixte du SCoT du Val de Rosselle a approuv\u00e9 la modification du Sch\u00e9ma de coh\u00e9rence territoriale le 16 f\u00e9vrier 2026, apr\u00e8s la p\u00e9riode r\u00e8glementaire d\u2019enqu\u00eate publique. Le document comprend d\u00e9sormais un document d&rsquo;am\u00e9nagement artisanal et commercial (Daac), fa\u00e7onn\u00e9 par l\u2019agence d\u2019urbanisme. L\u2019AGURAM \u00e9tait aux c\u00f4t\u00e9s des \u00e9lus et des services techniques des 4 [&hellip;]<\/p>\n","protected":false},"author":4,"featured_media":47905,"comment_status":"closed","ping_status":"closed","sticky":false,"template":"","format":"standard","meta":{"footnotes":""},"categories":[1,53,79,51],"tags":[700,737,927,718,1207,753,796,758,1349,1348],"class_list":["post-47901","post","type-post","status-publish","format-standard","has-post-thumbnail","hentry","category-aguram","category-cooperations-territoriales","category-economie-attractivite","category-planification-foncier","tag-amenagement-2","tag-commerce-2","tag-cooperations","tag-daac","tag-developpement-economique","tag-grands-territoires-2","tag-revitalisation-2","tag-scot-2","tag-scotvdr","tag-val-de-rosselle"],"jetpack_featured_media_url":"https:\/\/www.aguram.org\/wp-content\/uploads\/2026\/03\/DAAC.png","_links":{"self":[{"href":"https:\/\/www.aguram.org\/aguram\/wp-json\/wp\/v2\/posts\/47901","targetHints":{"allow":["GET"]}}],"collection":[{"href":"https:\/\/www.aguram.org\/aguram\/wp-json\/wp\/v2\/posts"}],"about":[{"href":"https:\/\/www.aguram.org\/aguram\/wp-json\/wp\/v2\/types\/post"}],"author":[{"embeddable":true,"href":"https:\/\/www.aguram.org\/aguram\/wp-json\/wp\/v2\/users\/4"}],"replies":[{"embeddable":true,"href":"https:\/\/www.aguram.org\/aguram\/wp-json\/wp\/v2\/comments?post=47901"}],"version-history":[{"count":1,"href":"https:\/\/www.aguram.org\/aguram\/wp-json\/wp\/v2\/posts\/47901\/revisions"}],"predecessor-version":[{"id":47904,"href":"https:\/\/www.aguram.org\/aguram\/wp-json\/wp\/v2\/posts\/47901\/revisions\/47904"}],"wp:featuredmedia":[{"embeddable":true,"href":"https:\/\/www.aguram.org\/aguram\/wp-json\/wp\/v2\/media\/47905"}],"wp:attachment":[{"href":"https:\/\/www.aguram.org\/aguram\/wp-json\/wp\/v2\/media?parent=47901"}],"wp:term":[{"taxonomy":"category","embeddable":true,"href":"https:\/\/www.aguram.org\/aguram\/wp-json\/wp\/v2\/categories?post=47901"},{"taxonomy":"post_tag","embeddable":true,"href":"https:\/\/www.aguram.org\/aguram\/wp-json\/wp\/v2\/tags?post=47901"}],"curies":[{"name":"wp","href":"https:\/\/api.w.org\/{rel}","templated":true}]}}