
{"id":47890,"date":"2026-03-12T15:21:25","date_gmt":"2026-03-12T15:21:25","guid":{"rendered":"https:\/\/www.aguram.org\/aguram\/?p=47890"},"modified":"2026-03-12T15:28:51","modified_gmt":"2026-03-12T15:28:51","slug":"synthese-7est-sante-amenagement-du-territoire-des-passerelles-a-construire-des-leviers-a-activer-journee-regionale-du-27-11-2025","status":"publish","type":"post","link":"https:\/\/www.aguram.org\/aguram\/synthese-7est-sante-amenagement-du-territoire-des-passerelles-a-construire-des-leviers-a-activer-journee-regionale-du-27-11-2025\/","title":{"rendered":"Synth\u00e8se 7EST SANT\u00c9 &amp; AM\u00c9NAGEMENT DU TERRITOIRE\u00a0"},"content":{"rendered":"\n<p><strong>L\u2019ARS Grand Est a fait de l\u2019\u00ab urbanisme favorable \u00e0 la sant\u00e9 \u00bb (UFS) une priorit\u00e9 strat\u00e9gique depuis plusieurs ann\u00e9es. Cette ambition est inscrite dans le 4\u1d49\u00a0Plan r\u00e9gional sant\u00e9 environnement, copilot\u00e9 avec la R\u00e9gion et la DREAL, et dans <\/strong><mark style=\"background-color:rgba(0, 0, 0, 0)\" class=\"has-inline-color has-luminous-vivid-orange-color\"><strong>le Sch\u00e9ma r\u00e9gional de sant\u00e9 2023\u20132028<\/strong>.<\/mark><\/p>\n\n\n\n<p><strong>Fruit d\u2019une collaboration entre organismes<\/strong> (ARS, Dreal, R\u00e9gion, Agences d\u2019urbanisme et InterSCoTs Grand Est), cette journ\u00e9e \u00ab Sant\u00e9 &amp; Am\u00e9nagement du territoire \u00bb, qui a eu lieu le 27 novembre 2025, a r\u00e9uni plus de 140 participants aux profils vari\u00e9s et compl\u00e9mentaires autour des enjeux de sant\u00e9 et d\u2019am\u00e9nagement du territoire : collectivit\u00e9s territoriales et de l\u2019ing\u00e9nierie publique et priv\u00e9e, professionnels de sant\u00e9, services de l\u2019Etat, repr\u00e9sentants du milieu associatif et de la soci\u00e9t\u00e9 civile mais \u00e9galement de l\u2019enseignement sup\u00e9rieur et de la recherche.<\/p>\n\n\n\n<!--more-->\n\n\n\n<figure class=\"wp-block-gallery aligncenter has-nested-images columns-default is-cropped wp-block-gallery-1 is-layout-flex wp-block-gallery-is-layout-flex\">\n<figure class=\"wp-block-image size-large\"><img loading=\"lazy\" decoding=\"async\" width=\"1024\" height=\"1024\" data-id=\"47893\" src=\"https:\/\/www.aguram.org\/wp-content\/uploads\/2026\/03\/Pleniere_Grand_Nancy-1024x1024.png\" alt=\"\" class=\"wp-image-47893\" srcset=\"https:\/\/www.aguram.org\/wp-content\/uploads\/2026\/03\/Pleniere_Grand_Nancy-1024x1024.png 1024w, https:\/\/www.aguram.org\/wp-content\/uploads\/2026\/03\/Pleniere_Grand_Nancy-300x300.png 300w, https:\/\/www.aguram.org\/wp-content\/uploads\/2026\/03\/Pleniere_Grand_Nancy-150x150.png 150w, https:\/\/www.aguram.org\/wp-content\/uploads\/2026\/03\/Pleniere_Grand_Nancy-768x768.png 768w, https:\/\/www.aguram.org\/wp-content\/uploads\/2026\/03\/Pleniere_Grand_Nancy-1536x1536.png 1536w, https:\/\/www.aguram.org\/wp-content\/uploads\/2026\/03\/Pleniere_Grand_Nancy-2048x2048.png 2048w\" sizes=\"auto, (max-width: 1024px) 100vw, 1024px\" \/><\/figure>\n\n\n\n<figure class=\"wp-block-image size-large\"><img loading=\"lazy\" decoding=\"async\" width=\"1024\" height=\"1024\" data-id=\"47895\" src=\"https:\/\/www.aguram.org\/wp-content\/uploads\/2026\/03\/Pleniere_Mohamed-1024x1024.png\" alt=\"\" class=\"wp-image-47895\" srcset=\"https:\/\/www.aguram.org\/wp-content\/uploads\/2026\/03\/Pleniere_Mohamed-1024x1024.png 1024w, https:\/\/www.aguram.org\/wp-content\/uploads\/2026\/03\/Pleniere_Mohamed-300x300.png 300w, https:\/\/www.aguram.org\/wp-content\/uploads\/2026\/03\/Pleniere_Mohamed-150x150.png 150w, https:\/\/www.aguram.org\/wp-content\/uploads\/2026\/03\/Pleniere_Mohamed-768x768.png 768w, https:\/\/www.aguram.org\/wp-content\/uploads\/2026\/03\/Pleniere_Mohamed-1536x1536.png 1536w, https:\/\/www.aguram.org\/wp-content\/uploads\/2026\/03\/Pleniere_Mohamed-2048x2048.png 2048w\" sizes=\"auto, (max-width: 1024px) 100vw, 1024px\" \/><\/figure>\n<\/figure>\n\n\n\n<p>Parler d\u2019UFS, c\u2019est reconna\u00eetre que sant\u00e9 publique, environnement, climat, habitat, mobilit\u00e9s et coh\u00e9sion sociale ne peuvent plus \u00eatre trait\u00e9s s\u00e9par\u00e9ment.<br>Cette nouvelle approche dans nos pratiques professionnelles implique concr\u00e8tement deux choses :<br>\u2022 Partager <strong>une culture commune de l\u2019UFS<\/strong> pour comprendre dans quelle mesure les politiques publiques en mati\u00e8re d\u2019am\u00e9nagement agissent sur les d\u00e9terminants et les in\u00e9galit\u00e9s de sant\u00e9 ;<br>\u2022 Accompagner les projets de l\u2019intention \u00e0 la <strong>mise en \u0153uvre op\u00e9rationnelle<\/strong>.<\/p>\n\n\n\n<p>Cette synth\u00e8se des \u00e9changes d\u00e9montre la compl\u00e9mentarit\u00e9 des approches collaboratives pour l&rsquo;habitabilit\u00e9 et la r\u00e9silience de nos territoires.<\/p>\n\n\n\n<p>Elle donne <mark style=\"background-color:rgba(0, 0, 0, 0)\" class=\"has-inline-color has-luminous-vivid-orange-color\"><strong>des cl\u00e9s pour cr\u00e9er des projets concrets et op\u00e9rationnels.<\/strong><\/mark><\/p>\n\n\n\n<p><\/p>\n","protected":false},"excerpt":{"rendered":"<p>L\u2019ARS Grand Est a fait de l\u2019\u00ab urbanisme favorable \u00e0 la sant\u00e9 \u00bb (UFS) une priorit\u00e9 strat\u00e9gique depuis plusieurs ann\u00e9es. Cette ambition est inscrite dans le 4\u1d49\u00a0Plan r\u00e9gional sant\u00e9 environnement, copilot\u00e9 avec la R\u00e9gion et la DREAL, et dans le Sch\u00e9ma r\u00e9gional de sant\u00e9 2023\u20132028. Fruit d\u2019une collaboration entre organismes (ARS, Dreal, R\u00e9gion, Agences d\u2019urbanisme [&hellip;]<\/p>\n","protected":false},"author":11,"featured_media":47892,"comment_status":"closed","ping_status":"closed","sticky":false,"template":"","format":"standard","meta":{"footnotes":""},"categories":[1,53,80,78,94,95,610,1136],"tags":[820,877,1251,683,674,942,699],"class_list":["post-47890","post","type-post","status-publish","format-standard","has-post-thumbnail","hentry","category-aguram","category-cooperations-territoriales","category-environnement-energie-climat","category-mobilite-deplacements","category-projets-urbains","category-publications","category-sante","category-scotam-publications","tag-air-2","tag-alimentation-2","tag-eau","tag-environnement-2","tag-mobilite-3","tag-sante-2","tag-urbanisme-2"],"jetpack_featured_media_url":"https:\/\/www.aguram.org\/wp-content\/uploads\/2026\/03\/Couverture_synthese_urbanisme_sante_amenagement.jpg","_links":{"self":[{"href":"https:\/\/www.aguram.org\/aguram\/wp-json\/wp\/v2\/posts\/47890","targetHints":{"allow":["GET"]}}],"collection":[{"href":"https:\/\/www.aguram.org\/aguram\/wp-json\/wp\/v2\/posts"}],"about":[{"href":"https:\/\/www.aguram.org\/aguram\/wp-json\/wp\/v2\/types\/post"}],"author":[{"embeddable":true,"href":"https:\/\/www.aguram.org\/aguram\/wp-json\/wp\/v2\/users\/11"}],"replies":[{"embeddable":true,"href":"https:\/\/www.aguram.org\/aguram\/wp-json\/wp\/v2\/comments?post=47890"}],"version-history":[{"count":3,"href":"https:\/\/www.aguram.org\/aguram\/wp-json\/wp\/v2\/posts\/47890\/revisions"}],"predecessor-version":[{"id":47897,"href":"https:\/\/www.aguram.org\/aguram\/wp-json\/wp\/v2\/posts\/47890\/revisions\/47897"}],"wp:featuredmedia":[{"embeddable":true,"href":"https:\/\/www.aguram.org\/aguram\/wp-json\/wp\/v2\/media\/47892"}],"wp:attachment":[{"href":"https:\/\/www.aguram.org\/aguram\/wp-json\/wp\/v2\/media?parent=47890"}],"wp:term":[{"taxonomy":"category","embeddable":true,"href":"https:\/\/www.aguram.org\/aguram\/wp-json\/wp\/v2\/categories?post=47890"},{"taxonomy":"post_tag","embeddable":true,"href":"https:\/\/www.aguram.org\/aguram\/wp-json\/wp\/v2\/tags?post=47890"}],"curies":[{"name":"wp","href":"https:\/\/api.w.org\/{rel}","templated":true}]}}