
{"id":47774,"date":"2026-01-15T13:56:47","date_gmt":"2026-01-15T13:56:47","guid":{"rendered":"https:\/\/www.aguram.org\/aguram\/?p=47774"},"modified":"2026-01-15T13:56:50","modified_gmt":"2026-01-15T13:56:50","slug":"eurometropole-de-metz-caf-portrait-social-du-territoire-offre-de-services-aux-familles","status":"publish","type":"post","link":"https:\/\/www.aguram.org\/aguram\/eurometropole-de-metz-caf-portrait-social-du-territoire-offre-de-services-aux-familles\/","title":{"rendered":"EUROM\u00c9TROPOLE DE METZ &amp; CAF \/ PORTRAIT SOCIAL DU TERRITOIRE &amp; OFFRE DE SERVICES AUX FAMILLES"},"content":{"rendered":"\n<p><strong>La Convention territoriale globale (CTG) est une d\u00e9marche fond\u00e9e sur un partenariat entre un territoire et la CAF pour renforcer l\u2019efficacit\u00e9, la coh\u00e9rence et la coordination des services mis en place pour les habitants.<\/strong><\/p>\n\n\n\n<p><strong>Une nouvelle CTG a \u00e9t\u00e9 adopt\u00e9e par l\u2019Eurom\u00e9tropole de Metz et la CAF de la Moselle en d\u00e9cembre dernier pour la p\u00e9riode 2026-2030, la pr\u00e9c\u00e9dente arrivant \u00e0 son terme apr\u00e8s 5 ann\u00e9es d\u2019application.<\/strong><\/p>\n\n\n\n<p><strong>Au c\u0153ur de cette convention, d\u00e9couvrez le <mark style=\"background-color:rgba(0, 0, 0, 0)\" class=\"has-inline-color has-luminous-vivid-orange-color\">diagnostic partag\u00e9, r\u00e9alis\u00e9 par l\u2019AGURAM<\/mark> pour identifier les besoins sp\u00e9cifiques du territoire. Il constitue un portrait social de l\u2019agglom\u00e9ration, dresse un \u00e9tat des lieux de l\u2019offre de services aux familles dans les domaines de la petite enfance, de la parentalit\u00e9, de l\u2019enfance-jeunesse, de l\u2019acc\u00e8s aux droits et de l\u2019animation de la vie sociale. Il est enrichi par une enqu\u00eate men\u00e9e aupr\u00e8s des familles par la m\u00e9tropole, qui met en lumi\u00e8re les freins rencontr\u00e9s et les attentes exprim\u00e9es par les habitants sur ces th\u00e9matiques au c\u0153ur de leur quotidien.<\/strong><\/p>\n\n\n\n<!--more-->\n\n\n\n<h4 class=\"wp-block-heading\"><strong>Un accompagnement sur mesure et participatif<\/strong><\/h4>\n\n\n\n<p>Pour l\u2019AGURAM, la d\u00e9marche d\u2019accompagnement ne s\u2019est pas arr\u00eat\u00e9e au diagnostic : aux c\u00f4t\u00e9s de l\u2019Eurom\u00e9tropole, elle a co-anim\u00e9 2 sessions d\u2019ateliers en juin et septembre 2025, r\u00e9unissant les acteurs cl\u00e9s de l\u2019animation sociale. Ces \u00e9changes ont permis de d\u00e9gager les enjeux majeurs et de nourrir le programme d\u2019actions de la CTG.<\/p>\n\n\n<div class=\"wp-block-image\">\n<figure class=\"aligncenter size-large\"><a href=\"https:\/\/www.aguram.org\/wp-content\/uploads\/2026\/01\/Image1.jpg\"><img loading=\"lazy\" decoding=\"async\" width=\"1024\" height=\"724\" src=\"https:\/\/www.aguram.org\/wp-content\/uploads\/2026\/01\/Image1-1024x724.jpg\" alt=\"\" class=\"wp-image-47775\" srcset=\"https:\/\/www.aguram.org\/wp-content\/uploads\/2026\/01\/Image1-1024x724.jpg 1024w, https:\/\/www.aguram.org\/wp-content\/uploads\/2026\/01\/Image1-300x212.jpg 300w, https:\/\/www.aguram.org\/wp-content\/uploads\/2026\/01\/Image1-768x543.jpg 768w, https:\/\/www.aguram.org\/wp-content\/uploads\/2026\/01\/Image1-1536x1086.jpg 1536w, https:\/\/www.aguram.org\/wp-content\/uploads\/2026\/01\/Image1-2048x1448.jpg 2048w\" sizes=\"auto, (max-width: 1024px) 100vw, 1024px\" \/><\/a><\/figure><\/div>\n\n\n<p class=\"has-text-align-center\"><em><mark style=\"background-color:rgba(0, 0, 0, 0)\" class=\"has-inline-color has-cyan-bluish-gray-color\">Carte extraite du diagnostic AGURAM t\u00e9l\u00e9chargeable ci-dessous<\/mark><\/em><\/p>\n\n\n\n<h4 class=\"wp-block-heading\"><strong>Une vision tourn\u00e9e vers l\u2019avenir<\/strong><\/h4>\n\n\n\n<p>Avec cette nouvelle CTG, la CAF de Moselle et l\u2019Eurom\u00e9tropole s\u2019engagent dans une d\u00e9marche proactive et inclusive, visant \u00e0 am\u00e9liorer le quotidien des habitants tout en renfor\u00e7ant la coh\u00e9sion territoriale. Ce partenariat illustre une volont\u00e9 commune de construire un avenir plus \u00e9quilibr\u00e9 et solidaire, o\u00f9 chaque citoyen trouve sa place.<\/p>\n\n\n\n<p>En somme, la CTG 2026-2030 est bien plus qu\u2019une convention : c\u2019est une feuille de route pour un territoire plus juste, plus dynamique et plus attentif aux besoins de ses habitants.<\/p>\n","protected":false},"excerpt":{"rendered":"<p>La Convention territoriale globale (CTG) est une d\u00e9marche fond\u00e9e sur un partenariat entre un territoire et la CAF pour renforcer l\u2019efficacit\u00e9, la coh\u00e9rence et la coordination des services mis en place pour les habitants. Une nouvelle CTG a \u00e9t\u00e9 adopt\u00e9e par l\u2019Eurom\u00e9tropole de Metz et la CAF de la Moselle en d\u00e9cembre dernier pour la [&hellip;]<\/p>\n","protected":false},"author":4,"featured_media":47777,"comment_status":"closed","ping_status":"closed","sticky":false,"template":"","format":"standard","meta":{"footnotes":""},"categories":[50],"tags":[1341,1342,1340,1339,1083,901,971,962],"class_list":["post-47774","post","type-post","status-publish","format-standard","has-post-thumbnail","hentry","category-habitat-societe","tag-caf-de-la-moselle","tag-cohesion-sociale","tag-convention-territoriale-globale","tag-ctg","tag-enfance","tag-eurometropole-de-metz","tag-habitat-societe","tag-politique-de-la-ville"],"jetpack_featured_media_url":"https:\/\/www.aguram.org\/wp-content\/uploads\/2026\/01\/CTG.png","_links":{"self":[{"href":"https:\/\/www.aguram.org\/aguram\/wp-json\/wp\/v2\/posts\/47774","targetHints":{"allow":["GET"]}}],"collection":[{"href":"https:\/\/www.aguram.org\/aguram\/wp-json\/wp\/v2\/posts"}],"about":[{"href":"https:\/\/www.aguram.org\/aguram\/wp-json\/wp\/v2\/types\/post"}],"author":[{"embeddable":true,"href":"https:\/\/www.aguram.org\/aguram\/wp-json\/wp\/v2\/users\/4"}],"replies":[{"embeddable":true,"href":"https:\/\/www.aguram.org\/aguram\/wp-json\/wp\/v2\/comments?post=47774"}],"version-history":[{"count":1,"href":"https:\/\/www.aguram.org\/aguram\/wp-json\/wp\/v2\/posts\/47774\/revisions"}],"predecessor-version":[{"id":47778,"href":"https:\/\/www.aguram.org\/aguram\/wp-json\/wp\/v2\/posts\/47774\/revisions\/47778"}],"wp:featuredmedia":[{"embeddable":true,"href":"https:\/\/www.aguram.org\/aguram\/wp-json\/wp\/v2\/media\/47777"}],"wp:attachment":[{"href":"https:\/\/www.aguram.org\/aguram\/wp-json\/wp\/v2\/media?parent=47774"}],"wp:term":[{"taxonomy":"category","embeddable":true,"href":"https:\/\/www.aguram.org\/aguram\/wp-json\/wp\/v2\/categories?post=47774"},{"taxonomy":"post_tag","embeddable":true,"href":"https:\/\/www.aguram.org\/aguram\/wp-json\/wp\/v2\/tags?post=47774"}],"curies":[{"name":"wp","href":"https:\/\/api.w.org\/{rel}","templated":true}]}}