
{"id":47751,"date":"2026-01-09T11:33:59","date_gmt":"2026-01-09T11:33:59","guid":{"rendered":"https:\/\/www.aguram.org\/aguram\/?p=47751"},"modified":"2026-01-13T09:42:46","modified_gmt":"2026-01-13T09:42:46","slug":"%f0%9f%8e%a7podcast-n02-faire-la-ville-a-hauteur-denfant-pour-des-espaces-publics-durables-inclusifs","status":"publish","type":"post","link":"https:\/\/www.aguram.org\/aguram\/%f0%9f%8e%a7podcast-n02-faire-la-ville-a-hauteur-denfant-pour-des-espaces-publics-durables-inclusifs\/","title":{"rendered":"&#x1f3a7;Podcast n\u00b002 \/ Faire la ville \u00e0 hauteur d\u2019enfants, pour des espaces publics durables &amp; inclusifs"},"content":{"rendered":"\n<p><strong>Les enfants ont-ils d\u00e9sert\u00e9 nos rues ? Pourquoi leur autonomie s\u2019est-elle restreinte au cours des derni\u00e8res d\u00e9cennies ?<\/strong> <strong>Pour ce 2<sup>e<\/sup> \u00e9pisode, nos e-journalistes vous emm\u00e8nent \u00e0 Metz pour parler d&rsquo;un sujet de soci\u00e9t\u00e9 autant que d&rsquo;urbanisme : la place des enfants dans la ville (et, plus largement, dans la fabrique de celle-ci). Notre <a href=\"https:\/\/www.aguram.org\/wp-content\/uploads\/2025\/12\/20251117_ville_hauteur_enfants_web.pdf\" target=\"_blank\" rel=\"noreferrer noopener\">dernier Reper&rsquo;AGURAM<\/a> propose un bilan des actions port\u00e9es par l\u2019agence, qui accompagne en particulier la Ville de Metz sur le sujet. Il donne \u00e9galement des perspectives pour faire la ville \u00e0 hauteur d\u2019enfant, au b\u00e9n\u00e9fice de tous les usagers. Ce podcast en offre une synth\u00e8se d&rsquo;un peu plus de 4 min. \u00c0 vos \u00e9couteurs !<\/strong><\/p>\n\n\n<div class=\"wp-block-image\">\n<figure class=\"aligncenter size-full is-resized\"><a href=\"https:\/\/open.spotify.com\/episode\/4B1P54GLkckYH2osDD2t3J?si=d0955a04fa3846fa\" target=\"_blank\" rel=\" noreferrer noopener\"><img loading=\"lazy\" decoding=\"async\" width=\"684\" height=\"464\" src=\"https:\/\/www.aguram.org\/wp-content\/uploads\/2025\/09\/Podcast_AGURAM_picto_rose.png\" alt=\"\" class=\"wp-image-47237\" style=\"width:74px;height:auto\" srcset=\"https:\/\/www.aguram.org\/wp-content\/uploads\/2025\/09\/Podcast_AGURAM_picto_rose.png 684w, https:\/\/www.aguram.org\/wp-content\/uploads\/2025\/09\/Podcast_AGURAM_picto_rose-300x204.png 300w\" sizes=\"auto, (max-width: 684px) 100vw, 684px\" \/><\/a><\/figure><\/div>\n\n\n<div class=\"wp-block-buttons is-content-justification-center is-layout-flex wp-container-core-buttons-is-layout-1 wp-block-buttons-is-layout-flex\">\n<div class=\"wp-block-button\"><a class=\"wp-block-button__link has-background wp-element-button\" href=\"https:\/\/open.spotify.com\/episode\/4B1P54GLkckYH2osDD2t3J?si=d0955a04fa3846fa\" style=\"background-color:#d8716e\" target=\"_blank\" rel=\"noreferrer noopener\">\u00e9couter le podcast<\/a><\/div>\n<\/div>\n\n\n\n<!--more-->\n\n\n\n<p>Ce podcast a \u00e9t\u00e9 r\u00e9alis\u00e9 gr\u00e2ce \u00e0 NotebookLM, une IA d\u00e9velopp\u00e9e par Google. Nous nous sommes appuy\u00e9s sur l\u2019application pour l\u2019animation audio uniquement. Le contenu est tir\u00e9 de <a href=\"https:\/\/www.aguram.org\/aguram\/faire-la-ville-a-hauteur-denfant-pour-des-espaces-publics-durables-inclusifs\/\" target=\"_blank\" rel=\"noreferrer noopener\">nos travaux sur la ville \u00e0 hauteur d&rsquo;enfant<\/a>. Retrouvez <a href=\"https:\/\/open.spotify.com\/show\/3l4KdzqMlMcQC6LtYf4fz4?si=W2g3ecGRRfWACZUbYlhSAQ&amp;nd=1&amp;dlsi=09759704c3e94a45\" target=\"_blank\" rel=\"noreferrer noopener\">tous nos podcasts sur Spotify<\/a>.<\/p>\n","protected":false},"excerpt":{"rendered":"<p>Les enfants ont-ils d\u00e9sert\u00e9 nos rues ? Pourquoi leur autonomie s\u2019est-elle restreinte au cours des derni\u00e8res d\u00e9cennies ? Pour ce 2e \u00e9pisode, nos e-journalistes vous emm\u00e8nent \u00e0 Metz pour parler d&rsquo;un sujet de soci\u00e9t\u00e9 autant que d&rsquo;urbanisme : la place des enfants dans la ville (et, plus largement, dans la fabrique de celle-ci). Notre dernier [&hellip;]<\/p>\n","protected":false},"author":4,"featured_media":47330,"comment_status":"closed","ping_status":"closed","sticky":false,"template":"","format":"standard","meta":{"footnotes":""},"categories":[1336,1298,419,94],"tags":[1301,1061,1302,1337,1299,795,1264],"class_list":["post-47751","post","type-post","status-publish","format-standard","has-post-thumbnail","hentry","category-podcasts","category-podcasts-aguram","category-projet-urbain","category-projets-urbains","tag-audio","tag-espaces-publics","tag-ia","tag-place-des-enfants","tag-podcast","tag-projet-urbain","tag-ville-a-hauteur-denfant"],"jetpack_featured_media_url":"https:\/\/www.aguram.org\/wp-content\/uploads\/2025\/09\/podcasts_aguram_bandeau_site.png","_links":{"self":[{"href":"https:\/\/www.aguram.org\/aguram\/wp-json\/wp\/v2\/posts\/47751","targetHints":{"allow":["GET"]}}],"collection":[{"href":"https:\/\/www.aguram.org\/aguram\/wp-json\/wp\/v2\/posts"}],"about":[{"href":"https:\/\/www.aguram.org\/aguram\/wp-json\/wp\/v2\/types\/post"}],"author":[{"embeddable":true,"href":"https:\/\/www.aguram.org\/aguram\/wp-json\/wp\/v2\/users\/4"}],"replies":[{"embeddable":true,"href":"https:\/\/www.aguram.org\/aguram\/wp-json\/wp\/v2\/comments?post=47751"}],"version-history":[{"count":4,"href":"https:\/\/www.aguram.org\/aguram\/wp-json\/wp\/v2\/posts\/47751\/revisions"}],"predecessor-version":[{"id":47767,"href":"https:\/\/www.aguram.org\/aguram\/wp-json\/wp\/v2\/posts\/47751\/revisions\/47767"}],"wp:featuredmedia":[{"embeddable":true,"href":"https:\/\/www.aguram.org\/aguram\/wp-json\/wp\/v2\/media\/47330"}],"wp:attachment":[{"href":"https:\/\/www.aguram.org\/aguram\/wp-json\/wp\/v2\/media?parent=47751"}],"wp:term":[{"taxonomy":"category","embeddable":true,"href":"https:\/\/www.aguram.org\/aguram\/wp-json\/wp\/v2\/categories?post=47751"},{"taxonomy":"post_tag","embeddable":true,"href":"https:\/\/www.aguram.org\/aguram\/wp-json\/wp\/v2\/tags?post=47751"}],"curies":[{"name":"wp","href":"https:\/\/api.w.org\/{rel}","templated":true}]}}