
{"id":47742,"date":"2026-01-30T11:26:54","date_gmt":"2026-01-30T11:26:54","guid":{"rendered":"https:\/\/www.aguram.org\/aguram\/?p=47742"},"modified":"2026-02-04T08:52:04","modified_gmt":"2026-02-04T08:52:04","slug":"cafe-debat-osmos-un-outil-de-decryptage-des-enjeux-socio-economiques-en-moselle","status":"publish","type":"post","link":"https:\/\/www.aguram.org\/aguram\/cafe-debat-osmos-un-outil-de-decryptage-des-enjeux-socio-economiques-en-moselle\/","title":{"rendered":"Le 1er CAF\u00c9-D\u00c9BAT AGURAM 2026\u00a0\/ une osmose entre acteurs de l&rsquo;am\u00e9nagement du territoire"},"content":{"rendered":"\n<p><strong>Ce jeudi 29 janvier 2026, le <strong><mark style=\"background-color:rgba(0, 0, 0, 0)\" class=\"has-inline-color has-luminous-vivid-orange-color\">Caf\u00e9-d\u00e9bat<\/mark><\/strong> de l&rsquo;AGURAM a r\u00e9uni &#x2795;\u00a0de 50 participants : \u00e9lus, techniciens, chefs d\u2019entreprise, universitaires et chercheurs. Au programme : pr\u00e9sentation de notre Observatoire Osmos, outil de d\u00e9cryptage\u00a0des <mark style=\"background-color:rgba(0, 0, 0, 0)\" class=\"has-inline-color has-luminous-vivid-orange-color\">enjeux socio-\u00e9conomiques en Moselle<\/mark> et analyse des nouveaux chiffres de population, avec un zoom sur les migrations r\u00e9sidentielles et leurs enjeux pour nos territoires. <\/strong><\/p>\n\n\n\n<!--more-->\n\n\n\n<p>Un caf\u00e9 anim\u00e9 par Marie-Charlotte Devin (charg\u00e9e d\u2019\u00e9tudes habitat et soci\u00e9t\u00e9) et <a href=\"https:\/\/www.linkedin.com\/in\/fabien-soria-983186112\/\"><strong>Fabien Soria<\/strong><\/a> (chef de projet mobilit\u00e9s \u2013 strat\u00e9gies m\u00e9tropolitaines).<\/p>\n\n\n\n<p>&#x1f4c5;&nbsp;Une publication d\u00e9di\u00e9e \u00e0 la th\u00e9matique abord\u00e9e sera bient\u00f4t en ligne. En attendant, retrouvez les publications <strong>OSMOS N\u00b01 &amp; N\u00b02<\/strong>&nbsp;:<\/p>\n\n\n\n<ul class=\"wp-block-list\">\n<li>&nbsp;&nbsp;&nbsp;N\u00b001 \/ Population des territoires : regard sur l\u2019\u00e9volution 2016-2022&nbsp;:&nbsp;<a href=\"https:\/\/www.aguram.org\/wp-content\/uploads\/2025\/01\/2025_observatoire_socioeco_moselle_WEB.pdf\" target=\"_blank\" rel=\"noreferrer noopener\">https:\/\/www.aguram.org\/wp-content\/uploads\/2025\/01\/2025_observatoire_socioeco_moselle_WEB.pdf<\/a><\/li>\n<\/ul>\n\n\n\n<ul class=\"wp-block-list\">\n<li>&nbsp;N\u00b002 \/ Emploi salari\u00e9 priv\u00e9 : regards sur l\u2019\u00e9volution 2014-2024&nbsp;:&nbsp;<a href=\"https:\/\/www.aguram.org\/wp-content\/uploads\/2025\/10\/2025_observatoire_socioeco_moselle_02_WEBHD.pdf\" target=\"_blank\" rel=\"noreferrer noopener\">https:\/\/www.aguram.org\/wp-content\/uploads\/2025\/10\/2025_observatoire_socioeco_moselle_02_WEBHD.pdf<\/a><\/li>\n<\/ul>\n\n\n\n<p><strong>Pour aller + loin&nbsp;<\/strong><\/p>\n\n\n\n<ul class=\"wp-block-list\">\n<li>Observatoire territorial transfrontalier \/ chiffres-cl\u00e9s : frontaliers fran\u00e7ais au Luxembourg en 2025 :&nbsp;<a href=\"https:\/\/www.aguram.org\/wp-content\/uploads\/2025\/09\/2025_transfrontalier_memo_04.pdf\">https:\/\/www.aguram.org\/wp-content\/uploads\/2025\/09\/2025_transfrontalier_memo_04.pdf<\/a><\/li>\n<\/ul>\n\n\n\n<ul class=\"wp-block-list\">\n<li>Observatoire territorial transfrontalier n\u00b05 \/ derri\u00e8re les \u00e9crans, la r\u00e9alit\u00e9 : particularit\u00e9s &amp; enjeux du t\u00e9l\u00e9travail frontalier au Luxembourg :&nbsp;<\/li>\n<\/ul>\n\n\n\n<p><a href=\"https:\/\/www.aguram.org\/wp-content\/uploads\/2025\/07\/Etude_transfrontalier_volume05.pdf\">https:\/\/www.aguram.org\/wp-content\/uploads\/2025\/07\/Etude_transfrontalier_volume05.pdf<\/a><\/p>\n\n\n\n<ul class=\"wp-block-list\">\n<li>Eurom\u00e9tropole de metz : le march\u00e9 du logement neuf \u00e0 la loupe :&nbsp;<a href=\"https:\/\/www.aguram.org\/wp-content\/uploads\/2025\/10\/20250930_OBS_F_H_LOGEMT_NEUF_2025_WEB.pdf\">https:\/\/www.aguram.org\/wp-content\/uploads\/2025\/10\/20250930_OBS_F_H_LOGEMT_NEUF_2025_WEB.pdf<\/a><\/li>\n<\/ul>\n","protected":false},"excerpt":{"rendered":"<p>Ce jeudi 29 janvier 2026, le Caf\u00e9-d\u00e9bat de l&rsquo;AGURAM a r\u00e9uni &#x2795;\u00a0de 50 participants : \u00e9lus, techniciens, chefs d\u2019entreprise, universitaires et chercheurs. Au programme : pr\u00e9sentation de notre Observatoire Osmos, outil de d\u00e9cryptage\u00a0des enjeux socio-\u00e9conomiques en Moselle et analyse des nouveaux chiffres de population, avec un zoom sur les migrations r\u00e9sidentielles et leurs enjeux pour [&hellip;]<\/p>\n","protected":false},"author":4,"featured_media":47804,"comment_status":"closed","ping_status":"closed","sticky":false,"template":"","format":"standard","meta":{"footnotes":""},"categories":[425,97,45],"tags":[487,1333,550,1334,1335,1228],"class_list":["post-47742","post","type-post","status-publish","format-standard","has-post-thumbnail","hentry","category-grands-territoires-breves-aguram","category-economie","category-evenement","tag-cafe-de-laguram-2","tag-cafe-debat","tag-economie-4","tag-enjeux-sociaux-economiques","tag-migrations-residentielles","tag-osmos"],"jetpack_featured_media_url":"https:\/\/www.aguram.org\/wp-content\/uploads\/2026\/01\/Chiffres-de-population-2023-ZOOM-sur-les-migrations-residentielles.png","_links":{"self":[{"href":"https:\/\/www.aguram.org\/aguram\/wp-json\/wp\/v2\/posts\/47742","targetHints":{"allow":["GET"]}}],"collection":[{"href":"https:\/\/www.aguram.org\/aguram\/wp-json\/wp\/v2\/posts"}],"about":[{"href":"https:\/\/www.aguram.org\/aguram\/wp-json\/wp\/v2\/types\/post"}],"author":[{"embeddable":true,"href":"https:\/\/www.aguram.org\/aguram\/wp-json\/wp\/v2\/users\/4"}],"replies":[{"embeddable":true,"href":"https:\/\/www.aguram.org\/aguram\/wp-json\/wp\/v2\/comments?post=47742"}],"version-history":[{"count":7,"href":"https:\/\/www.aguram.org\/aguram\/wp-json\/wp\/v2\/posts\/47742\/revisions"}],"predecessor-version":[{"id":47814,"href":"https:\/\/www.aguram.org\/aguram\/wp-json\/wp\/v2\/posts\/47742\/revisions\/47814"}],"wp:featuredmedia":[{"embeddable":true,"href":"https:\/\/www.aguram.org\/aguram\/wp-json\/wp\/v2\/media\/47804"}],"wp:attachment":[{"href":"https:\/\/www.aguram.org\/aguram\/wp-json\/wp\/v2\/media?parent=47742"}],"wp:term":[{"taxonomy":"category","embeddable":true,"href":"https:\/\/www.aguram.org\/aguram\/wp-json\/wp\/v2\/categories?post=47742"},{"taxonomy":"post_tag","embeddable":true,"href":"https:\/\/www.aguram.org\/aguram\/wp-json\/wp\/v2\/tags?post=47742"}],"curies":[{"name":"wp","href":"https:\/\/api.w.org\/{rel}","templated":true}]}}