
{"id":47703,"date":"2025-12-12T09:24:33","date_gmt":"2025-12-12T09:24:33","guid":{"rendered":"https:\/\/www.aguram.org\/aguram\/?p=47703"},"modified":"2025-12-16T08:59:42","modified_gmt":"2025-12-16T08:59:42","slug":"comment-se-porte-lhabitat-dans-le-val-de-fensch","status":"publish","type":"post","link":"https:\/\/www.aguram.org\/aguram\/comment-se-porte-lhabitat-dans-le-val-de-fensch\/","title":{"rendered":"Comment se porte l&rsquo;habitat dans le Val de Fensch\u00a0?"},"content":{"rendered":"\n<p><strong>D\u00e8s 2024, la Communaut\u00e9 d\u2019agglom\u00e9ration du Val de Fensch a \u00e9t\u00e9 la 1<sup>\u00e8re<\/sup> collectivit\u00e9 de Moselle \u00e0 lancer un <mark style=\"background-color:rgba(0, 0, 0, 0)\" class=\"has-inline-color has-luminous-vivid-orange-color\">Observatoire de l\u2019habitat et du foncier<\/mark> (OHF), en r\u00e9ponse aux exigences de la loi Climat et r\u00e9silience. Cet outil a \u00e9t\u00e9 fa\u00e7onn\u00e9 sur mesure et est aliment\u00e9 par l\u2019AGURAM, qui poss\u00e8de une connaissance fine de ce territoire, dont elle est partenaire depuis bient\u00f4t 20 ans. \u00c0 travers notre dernier <mark style=\"background-color:rgba(0, 0, 0, 0)\" class=\"has-inline-color has-luminous-vivid-orange-color\">Reper\u2019<\/mark> d\u00e9couvrez la <mark style=\"background-color:rgba(0, 0, 0, 0)\" class=\"has-inline-color has-luminous-vivid-orange-color\">synth\u00e8se du volet habitat<\/mark>. Il dresse un \u00e9tat des lieux complet du territoire, de ses habitants, de son parc de logements et des dynamiques immobili\u00e8res. Cette analyse des tissus urbains et des profils des habitants projette une vision globale de la qualit\u00e9 du cadre de vie au sein de l\u2019intercommunalit\u00e9.<\/strong><\/p>\n\n\n\n<!--more-->\n\n\n<div class=\"wp-block-image\">\n<figure class=\"aligncenter size-large is-resized\"><a href=\"https:\/\/www.aguram.org\/wp-content\/uploads\/2025\/12\/VdF01.png\"><img loading=\"lazy\" decoding=\"async\" width=\"1024\" height=\"721\" src=\"https:\/\/www.aguram.org\/wp-content\/uploads\/2025\/12\/VdF01-1024x721.png\" alt=\"\" class=\"wp-image-47704\" style=\"width:686px;height:auto\" srcset=\"https:\/\/www.aguram.org\/wp-content\/uploads\/2025\/12\/VdF01-1024x721.png 1024w, https:\/\/www.aguram.org\/wp-content\/uploads\/2025\/12\/VdF01-300x211.png 300w, https:\/\/www.aguram.org\/wp-content\/uploads\/2025\/12\/VdF01-768x541.png 768w, https:\/\/www.aguram.org\/wp-content\/uploads\/2025\/12\/VdF01.png 1442w\" sizes=\"auto, (max-width: 1024px) 100vw, 1024px\" \/><\/a><\/figure><\/div>\n\n\n<p>Le Reper\u2019 de synth\u00e8se est en t\u00e9l\u00e9chargement libre ci-dessous.<\/p>\n\n\n\n<p>\u00c0 (re)d\u00e9couvrir \u00e9galement\u00a0: <a href=\"https:\/\/www.aguram.org\/aguram\/observatoire-de-lhabitat-du-foncier-du-val-de-fensch-inedit-en-moselle\/\" target=\"_blank\" rel=\"noreferrer noopener\">les 3 volumes complets de l\u2019OHF<\/a> (<strong><a href=\"https:\/\/www.aguram.org\/wp-content\/uploads\/2025\/03\/Volet-habitat-OHF_CAVF_2024_VF3.pdf\" target=\"_blank\" rel=\"noreferrer noopener\">habitat<\/a><\/strong>, <strong><a href=\"https:\/\/www.aguram.org\/wp-content\/uploads\/2025\/05\/OHF_CAVF_Volet_foncier.pdf\" target=\"_blank\" rel=\"noreferrer noopener\">foncier<\/a><\/strong>, <strong><a href=\"https:\/\/www.aguram.org\/wp-content\/uploads\/2025\/04\/Volet-synthese-Habitat-foncier_CAVF_VF.pdf\" target=\"_blank\" rel=\"noreferrer noopener\">consommation et la disponibilit\u00e9 fonci\u00e8re<\/a>).<\/strong><\/p>\n\n\n\n<p>Info++\u00a0: la CA du Val de Fensch a b\u00e9n\u00e9fici\u00e9 du Fonds vert visant \u00e0 acc\u00e9l\u00e9rer la transition \u00e9cologique des territoires.<\/p>\n","protected":false},"excerpt":{"rendered":"<p>D\u00e8s 2024, la Communaut\u00e9 d\u2019agglom\u00e9ration du Val de Fensch a \u00e9t\u00e9 la 1\u00e8re collectivit\u00e9 de Moselle \u00e0 lancer un Observatoire de l\u2019habitat et du foncier (OHF), en r\u00e9ponse aux exigences de la loi Climat et r\u00e9silience. Cet outil a \u00e9t\u00e9 fa\u00e7onn\u00e9 sur mesure et est aliment\u00e9 par l\u2019AGURAM, qui poss\u00e8de une connaissance fine de ce [&hellip;]<\/p>\n","protected":false},"author":4,"featured_media":47706,"comment_status":"closed","ping_status":"closed","sticky":false,"template":"","format":"standard","meta":{"footnotes":""},"categories":[50,51],"tags":[1144,961,749,659,907,1329,1128,975],"class_list":["post-47703","post","type-post","status-publish","format-standard","has-post-thumbnail","hentry","category-habitat-societe","category-planification-foncier","tag-cavf-2","tag-habitat-et-societe","tag-immobilier-2","tag-logement-2","tag-loi-climat-resilience","tag-observatoire-de-lhabitat-et-du-foncier","tag-ohf","tag-val-de-fensch-2"],"jetpack_featured_media_url":"https:\/\/www.aguram.org\/wp-content\/uploads\/2025\/12\/ReperOHF-.png","_links":{"self":[{"href":"https:\/\/www.aguram.org\/aguram\/wp-json\/wp\/v2\/posts\/47703","targetHints":{"allow":["GET"]}}],"collection":[{"href":"https:\/\/www.aguram.org\/aguram\/wp-json\/wp\/v2\/posts"}],"about":[{"href":"https:\/\/www.aguram.org\/aguram\/wp-json\/wp\/v2\/types\/post"}],"author":[{"embeddable":true,"href":"https:\/\/www.aguram.org\/aguram\/wp-json\/wp\/v2\/users\/4"}],"replies":[{"embeddable":true,"href":"https:\/\/www.aguram.org\/aguram\/wp-json\/wp\/v2\/comments?post=47703"}],"version-history":[{"count":1,"href":"https:\/\/www.aguram.org\/aguram\/wp-json\/wp\/v2\/posts\/47703\/revisions"}],"predecessor-version":[{"id":47707,"href":"https:\/\/www.aguram.org\/aguram\/wp-json\/wp\/v2\/posts\/47703\/revisions\/47707"}],"wp:featuredmedia":[{"embeddable":true,"href":"https:\/\/www.aguram.org\/aguram\/wp-json\/wp\/v2\/media\/47706"}],"wp:attachment":[{"href":"https:\/\/www.aguram.org\/aguram\/wp-json\/wp\/v2\/media?parent=47703"}],"wp:term":[{"taxonomy":"category","embeddable":true,"href":"https:\/\/www.aguram.org\/aguram\/wp-json\/wp\/v2\/categories?post=47703"},{"taxonomy":"post_tag","embeddable":true,"href":"https:\/\/www.aguram.org\/aguram\/wp-json\/wp\/v2\/tags?post=47703"}],"curies":[{"name":"wp","href":"https:\/\/api.w.org\/{rel}","templated":true}]}}