
{"id":47650,"date":"2025-12-08T15:32:50","date_gmt":"2025-12-08T15:32:50","guid":{"rendered":"https:\/\/www.aguram.org\/aguram\/?p=47650"},"modified":"2025-12-08T15:36:22","modified_gmt":"2025-12-08T15:36:22","slug":"zoom-sur-le-programme-departemental-de-lhabitat","status":"publish","type":"post","link":"https:\/\/www.aguram.org\/aguram\/zoom-sur-le-programme-departemental-de-lhabitat\/","title":{"rendered":"Zoom sur \/ Le Programme d\u00e9partemental de l\u2019habitat"},"content":{"rendered":"\n<p><strong>Depuis septembre 2023, le <mark style=\"background-color:rgba(0, 0, 0, 0)\" class=\"has-inline-color has-luminous-vivid-orange-color\">Conseil d\u00e9partemental de Moselle<\/mark> a souhait\u00e9 s\u2019engager dans une d\u00e9marche volontaire en mati\u00e8re de politique du logement pour r\u00e9pondre aux besoins des territoires, dans leur diversit\u00e9. Les agences d\u2019urbanisme AGURAM et Agape ont \u00e9t\u00e9 charg\u00e9es d\u2019\u00e9laborer un <mark style=\"background-color:rgba(0, 0, 0, 0)\" class=\"has-inline-color has-luminous-vivid-orange-color\">diagnostic afin d\u2019identifier les enjeux d\u2019habitat sur chacun des 5 bassins de vie<\/mark> (Forbach-Saint-Avold, Sarrebourg-Ch\u00e2teau-Salins, Sarreguemines-Bitche, Thionville et Metz-Orne).<\/strong> <strong>Sur cette base, un <mark style=\"background-color:rgba(0, 0, 0, 0)\" class=\"has-inline-color has-luminous-vivid-orange-color\">plan d\u2019actions<\/mark> a \u00e9t\u00e9 \u00e9labor\u00e9, adoss\u00e9 aux comp\u00e9tences en propre du d\u00e9partement ainsi qu\u2019\u00e0 ses filiales et structures partenaires, pour en assurer la mise en \u0153uvre autour d\u2019une d\u00e9marche concert\u00e9e.<\/strong><\/p>\n\n\n\n<!--more-->\n\n\n\n<p>Le PDH a \u00e9t\u00e9 approuv\u00e9 par le Conseil d\u00e9partemental le 13 mars 2025. <\/p>\n\n\n\n<p>La premi\u00e8re action-phare engag\u00e9e d\u00e8s cette ann\u00e9e concerne la d\u00e9marche d\u2019exp\u00e9rimentation de r\u00e9sorption de la vacance qui s\u2019inscrit dans le premier d\u00e9fi du plan d\u2019actions, en lien avec l\u2019am\u00e9lioration du parc de logements. L\u2019\u00e9mergence d\u2019une offre de logements adapt\u00e9e aux parcours r\u00e9sidentiels, le soutien au d\u00e9veloppement de Moselle est, la densification du sillon mosellan et l\u2019accompagnement de la ruralit\u00e9 dans la mise en \u0153uvre des politiques de l\u2019habitat constituent d\u2019autres d\u00e9fis, pour les 10 ann\u00e9es \u00e0 venir.<\/p>\n\n\n\n<figure class=\"wp-block-image size-large\"><a href=\"https:\/\/www.aguram.org\/wp-content\/uploads\/2025\/12\/PDH.png\"><img loading=\"lazy\" decoding=\"async\" width=\"1024\" height=\"725\" src=\"https:\/\/www.aguram.org\/wp-content\/uploads\/2025\/12\/PDH-1024x725.png\" alt=\"\" class=\"wp-image-47664\" srcset=\"https:\/\/www.aguram.org\/wp-content\/uploads\/2025\/12\/PDH-1024x725.png 1024w, https:\/\/www.aguram.org\/wp-content\/uploads\/2025\/12\/PDH-300x212.png 300w, https:\/\/www.aguram.org\/wp-content\/uploads\/2025\/12\/PDH-768x544.png 768w, https:\/\/www.aguram.org\/wp-content\/uploads\/2025\/12\/PDH-1536x1087.png 1536w, https:\/\/www.aguram.org\/wp-content\/uploads\/2025\/12\/PDH.png 1633w\" sizes=\"auto, (max-width: 1024px) 100vw, 1024px\" \/><\/a><\/figure>\n\n\n\n<p>L\u2019AGURAM et l\u2019AGAPE se mobilisent aux c\u00f4t\u00e9s du d\u00e9partement comme facilitateurs et appuis \u00e0 la mise en \u0153uvre du PDH.<\/p>\n","protected":false},"excerpt":{"rendered":"<p>Depuis septembre 2023, le Conseil d\u00e9partemental de Moselle a souhait\u00e9 s\u2019engager dans une d\u00e9marche volontaire en mati\u00e8re de politique du logement pour r\u00e9pondre aux besoins des territoires, dans leur diversit\u00e9. Les agences d\u2019urbanisme AGURAM et Agape ont \u00e9t\u00e9 charg\u00e9es d\u2019\u00e9laborer un diagnostic afin d\u2019identifier les enjeux d\u2019habitat sur chacun des 5 bassins de vie (Forbach-Saint-Avold, [&hellip;]<\/p>\n","protected":false},"author":4,"featured_media":47668,"comment_status":"closed","ping_status":"closed","sticky":false,"template":"","format":"standard","meta":{"footnotes":""},"categories":[1,50],"tags":[1326,961,1167,1327],"class_list":["post-47650","post","type-post","status-publish","format-standard","has-post-thumbnail","hentry","category-aguram","category-habitat-societe","tag-habitat-en-moselle","tag-habitat-et-societe","tag-pdh","tag-programme-departemental-de-lhabitat"],"jetpack_featured_media_url":"https:\/\/www.aguram.org\/wp-content\/uploads\/2025\/12\/PLH.png","_links":{"self":[{"href":"https:\/\/www.aguram.org\/aguram\/wp-json\/wp\/v2\/posts\/47650","targetHints":{"allow":["GET"]}}],"collection":[{"href":"https:\/\/www.aguram.org\/aguram\/wp-json\/wp\/v2\/posts"}],"about":[{"href":"https:\/\/www.aguram.org\/aguram\/wp-json\/wp\/v2\/types\/post"}],"author":[{"embeddable":true,"href":"https:\/\/www.aguram.org\/aguram\/wp-json\/wp\/v2\/users\/4"}],"replies":[{"embeddable":true,"href":"https:\/\/www.aguram.org\/aguram\/wp-json\/wp\/v2\/comments?post=47650"}],"version-history":[{"count":2,"href":"https:\/\/www.aguram.org\/aguram\/wp-json\/wp\/v2\/posts\/47650\/revisions"}],"predecessor-version":[{"id":47666,"href":"https:\/\/www.aguram.org\/aguram\/wp-json\/wp\/v2\/posts\/47650\/revisions\/47666"}],"wp:featuredmedia":[{"embeddable":true,"href":"https:\/\/www.aguram.org\/aguram\/wp-json\/wp\/v2\/media\/47668"}],"wp:attachment":[{"href":"https:\/\/www.aguram.org\/aguram\/wp-json\/wp\/v2\/media?parent=47650"}],"wp:term":[{"taxonomy":"category","embeddable":true,"href":"https:\/\/www.aguram.org\/aguram\/wp-json\/wp\/v2\/categories?post=47650"},{"taxonomy":"post_tag","embeddable":true,"href":"https:\/\/www.aguram.org\/aguram\/wp-json\/wp\/v2\/tags?post=47650"}],"curies":[{"name":"wp","href":"https:\/\/api.w.org\/{rel}","templated":true}]}}