
{"id":47201,"date":"2025-08-21T13:01:27","date_gmt":"2025-08-21T13:01:27","guid":{"rendered":"https:\/\/www.aguram.org\/aguram\/?p=47201"},"modified":"2025-08-21T13:02:23","modified_gmt":"2025-08-21T13:02:23","slug":"cahiers-de-la-grande-region-n019-des-ruralites-en-mutation-les-deux-luxembourg-1985-2025","status":"publish","type":"post","link":"https:\/\/www.aguram.org\/aguram\/cahiers-de-la-grande-region-n019-des-ruralites-en-mutation-les-deux-luxembourg-1985-2025\/","title":{"rendered":"Cahiers de la Grande R\u00e9gion n\u00b0019 \/ Des ruralit\u00e9s en mutation. Les deux Luxembourg (1985-2025)"},"content":{"rendered":"\n<p><strong>L\u2019AGURAM est d\u00e9sormais partenaire des <a href=\"https:\/\/www.liser.lu\/fr\/cahiers-de-la-grande-region\" target=\"_blank\" rel=\"noreferrer noopener\">Cahiers de la Grande R\u00e9gion<\/a>, \u00e9dit\u00e9s par le Luxembourg institute of socio-economic research (Liser). <mark style=\"background-color:rgba(0, 0, 0, 0)\" class=\"has-inline-color has-luminous-vivid-orange-color\"><a href=\"https:\/\/www.aguram.org\/wp-content\/uploads\/2025\/08\/cahiers-GR_9_VF.pdf\" target=\"_blank\" rel=\"noreferrer noopener\">Le num\u00e9ro 9, d\u00e9di\u00e9 aux multiples facettes des mutations rurales, vient de para\u00eetre<\/a><\/mark>. Destin\u00e9s aux institutions, d\u00e9cideurs et acteurs locaux,\u00a0ces publications constituent une r\u00e9f\u00e9rence pour\u00a0identifier les\u00a0grands enjeux interterritoriaux\u00a0et contribuer activement au d\u00e9veloppement et \u00e0 la gouvernance de la Grande R\u00e9gion.<\/strong><\/p>\n\n\n\n<p>Un outil d\u2019observation qui porte un \u00e9clairage sur de nombreux domaines \u00e9conomiques, environnementaux et sociaux pour&nbsp;favoriser les&nbsp;<strong>coop\u00e9rations des politiques publiques entre le Luxembourg, la Lorraine, la Wallonie, la Sarre et la Rh\u00e9nanie-Palatinat.<\/strong><\/p>\n","protected":false},"excerpt":{"rendered":"<p>L\u2019AGURAM est d\u00e9sormais partenaire des Cahiers de la Grande R\u00e9gion, \u00e9dit\u00e9s par le Luxembourg institute of socio-economic research (Liser). Le num\u00e9ro 9, d\u00e9di\u00e9 aux multiples facettes des mutations rurales, vient de para\u00eetre. Destin\u00e9s aux institutions, d\u00e9cideurs et acteurs locaux,\u00a0ces publications constituent une r\u00e9f\u00e9rence pour\u00a0identifier les\u00a0grands enjeux interterritoriaux\u00a0et contribuer activement au d\u00e9veloppement et \u00e0 la gouvernance [&hellip;]<\/p>\n","protected":false},"author":4,"featured_media":47202,"comment_status":"closed","ping_status":"closed","sticky":false,"template":"","format":"standard","meta":{"footnotes":""},"categories":[1,53],"tags":[854,1170,955,1294,1293],"class_list":["post-47201","post","type-post","status-publish","format-standard","has-post-thumbnail","hentry","category-aguram","category-cooperations-territoriales","tag-cahiers","tag-cooperations-territoriales","tag-grande-region","tag-liser","tag-ruralites"],"jetpack_featured_media_url":"https:\/\/www.aguram.org\/wp-content\/uploads\/2025\/08\/CGR09.png","_links":{"self":[{"href":"https:\/\/www.aguram.org\/aguram\/wp-json\/wp\/v2\/posts\/47201","targetHints":{"allow":["GET"]}}],"collection":[{"href":"https:\/\/www.aguram.org\/aguram\/wp-json\/wp\/v2\/posts"}],"about":[{"href":"https:\/\/www.aguram.org\/aguram\/wp-json\/wp\/v2\/types\/post"}],"author":[{"embeddable":true,"href":"https:\/\/www.aguram.org\/aguram\/wp-json\/wp\/v2\/users\/4"}],"replies":[{"embeddable":true,"href":"https:\/\/www.aguram.org\/aguram\/wp-json\/wp\/v2\/comments?post=47201"}],"version-history":[{"count":2,"href":"https:\/\/www.aguram.org\/aguram\/wp-json\/wp\/v2\/posts\/47201\/revisions"}],"predecessor-version":[{"id":47206,"href":"https:\/\/www.aguram.org\/aguram\/wp-json\/wp\/v2\/posts\/47201\/revisions\/47206"}],"wp:featuredmedia":[{"embeddable":true,"href":"https:\/\/www.aguram.org\/aguram\/wp-json\/wp\/v2\/media\/47202"}],"wp:attachment":[{"href":"https:\/\/www.aguram.org\/aguram\/wp-json\/wp\/v2\/media?parent=47201"}],"wp:term":[{"taxonomy":"category","embeddable":true,"href":"https:\/\/www.aguram.org\/aguram\/wp-json\/wp\/v2\/categories?post=47201"},{"taxonomy":"post_tag","embeddable":true,"href":"https:\/\/www.aguram.org\/aguram\/wp-json\/wp\/v2\/tags?post=47201"}],"curies":[{"name":"wp","href":"https:\/\/api.w.org\/{rel}","templated":true}]}}