
{"id":47149,"date":"2025-07-16T15:51:31","date_gmt":"2025-07-16T15:51:31","guid":{"rendered":"https:\/\/www.aguram.org\/aguram\/?p=47149"},"modified":"2025-07-16T15:51:36","modified_gmt":"2025-07-16T15:51:36","slug":"amenager-avec-les-serm-mettre-les-territoires-sur-de-bons-rails","status":"publish","type":"post","link":"https:\/\/www.aguram.org\/aguram\/amenager-avec-les-serm-mettre-les-territoires-sur-de-bons-rails\/","title":{"rendered":"Am\u00e9nager avec les Serm, mettre les territoires sur de bons rails"},"content":{"rendered":"\n<p><strong>L\u2019acc\u00e8s de tous \u00e0 une mobilit\u00e9 du quotidien performante est un enjeu d\u2019\u00e9quit\u00e9 territoriale. C\u2019est dans cet objectif \u00e0 la fois social, \u00e9cologique et d\u2019am\u00e9nagement des territoires, que la loi de d\u00e9cembre 2023 a ouvert la possibilit\u00e9 de cr\u00e9ation de <mark style=\"background-color:rgba(0, 0, 0, 0)\" class=\"has-inline-color has-luminous-vivid-orange-color\">Syst\u00e8mes express r\u00e9gionaux m\u00e9tropolitains<\/mark> (Serm) comme catalyseurs de mobilit\u00e9s plus inclusives et de coh\u00e9sion territoriale.<br>\u00a0<br>Dans son 46<sup>e<\/sup> num\u00e9ro de \u00ab\u00a0Traits d&rsquo;agence\u00a0\u00bb, la f\u00e9d\u00e9ration des agences d&rsquo;urbanisme (Fnau) pr\u00e9sente des <mark style=\"background-color:rgba(0, 0, 0, 0)\" class=\"has-inline-color has-luminous-vivid-orange-color\">initiatives locales li\u00e9es aux Serm<\/mark>. Cette publication appelle \u00e0 une mobilisation conjointe des \u00e9lus et des techniciens de la mobilit\u00e9 et de l\u2019urbanisme pour faire des Serm des vecteurs de transformation en profondeur de nos territoires.<\/strong><\/p>\n\n\n\n<p><strong>\u00c0 lire, en page 15, un <mark style=\"background-color:rgba(0, 0, 0, 0)\" class=\"has-inline-color has-luminous-vivid-orange-color\">article sur le Serm Lorraine-Luxembourg : Vers un am\u00e9nagement coordonn\u00e9 des gares et de leurs quartiers ?<\/mark><\/strong><\/p>\n\n\n\n<!--more-->\n\n\n\n<p>\u00c0 retrouver \u00e9galement :<\/p>\n\n\n\n<ul class=\"wp-block-list\">\n<li>en page 4 : une br\u00e8ve sur les <a href=\"https:\/\/www.aguram.org\/aguram\/5-decennies-aux-cotes-des-territoires-de-moselle-un-anniversaire-dignement-celebre-pour-laguram\/\">50 ans de l&rsquo;agence AGURAM<\/a><\/li>\n\n\n\n<li>en page 5 : un clin d&rsquo;\u0153il \u00e0 notre <a href=\"https:\/\/www.aguram.org\/aguram\/publications\/socio-economique\/\" target=\"_blank\" rel=\"noreferrer noopener\">Observatoire socio-\u00e9conomique en Moselle<\/a> (Regards sur l&rsquo;\u00e9volution 2016-2022)<\/li>\n<\/ul>\n","protected":false},"excerpt":{"rendered":"<p>L\u2019acc\u00e8s de tous \u00e0 une mobilit\u00e9 du quotidien performante est un enjeu d\u2019\u00e9quit\u00e9 territoriale. C\u2019est dans cet objectif \u00e0 la fois social, \u00e9cologique et d\u2019am\u00e9nagement des territoires, que la loi de d\u00e9cembre 2023 a ouvert la possibilit\u00e9 de cr\u00e9ation de Syst\u00e8mes express r\u00e9gionaux m\u00e9tropolitains (Serm) comme catalyseurs de mobilit\u00e9s plus inclusives et de coh\u00e9sion territoriale.\u00a0Dans [&hellip;]<\/p>\n","protected":false},"author":4,"featured_media":47150,"comment_status":"closed","ping_status":"closed","sticky":false,"template":"","format":"standard","meta":{"footnotes":""},"categories":[53,78],"tags":[31,347,1170,1288,903],"class_list":["post-47149","post","type-post","status-publish","format-standard","has-post-thumbnail","hentry","category-cooperations-territoriales","category-mobilite-deplacements","tag-mobilite","tag-transfrontalier","tag-cooperations-territoriales","tag-serm","tag-traits-dagence"],"jetpack_featured_media_url":"https:\/\/www.aguram.org\/wp-content\/uploads\/2025\/07\/TA_46_Serm.png","_links":{"self":[{"href":"https:\/\/www.aguram.org\/aguram\/wp-json\/wp\/v2\/posts\/47149","targetHints":{"allow":["GET"]}}],"collection":[{"href":"https:\/\/www.aguram.org\/aguram\/wp-json\/wp\/v2\/posts"}],"about":[{"href":"https:\/\/www.aguram.org\/aguram\/wp-json\/wp\/v2\/types\/post"}],"author":[{"embeddable":true,"href":"https:\/\/www.aguram.org\/aguram\/wp-json\/wp\/v2\/users\/4"}],"replies":[{"embeddable":true,"href":"https:\/\/www.aguram.org\/aguram\/wp-json\/wp\/v2\/comments?post=47149"}],"version-history":[{"count":1,"href":"https:\/\/www.aguram.org\/aguram\/wp-json\/wp\/v2\/posts\/47149\/revisions"}],"predecessor-version":[{"id":47152,"href":"https:\/\/www.aguram.org\/aguram\/wp-json\/wp\/v2\/posts\/47149\/revisions\/47152"}],"wp:featuredmedia":[{"embeddable":true,"href":"https:\/\/www.aguram.org\/aguram\/wp-json\/wp\/v2\/media\/47150"}],"wp:attachment":[{"href":"https:\/\/www.aguram.org\/aguram\/wp-json\/wp\/v2\/media?parent=47149"}],"wp:term":[{"taxonomy":"category","embeddable":true,"href":"https:\/\/www.aguram.org\/aguram\/wp-json\/wp\/v2\/categories?post=47149"},{"taxonomy":"post_tag","embeddable":true,"href":"https:\/\/www.aguram.org\/aguram\/wp-json\/wp\/v2\/tags?post=47149"}],"curies":[{"name":"wp","href":"https:\/\/api.w.org\/{rel}","templated":true}]}}