
{"id":46679,"date":"2025-04-14T09:49:20","date_gmt":"2025-04-14T09:49:20","guid":{"rendered":"https:\/\/www.aguram.org\/aguram\/?p=46679"},"modified":"2025-06-05T15:01:39","modified_gmt":"2025-06-05T15:01:39","slug":"centre-ville-de-metz-des-lieux-de-vie-qui-se-reinventent-le-plan-guide-des-espaces-publics-vous-donne-rdv","status":"publish","type":"post","link":"https:\/\/www.aguram.org\/aguram\/centre-ville-de-metz-des-lieux-de-vie-qui-se-reinventent-le-plan-guide-des-espaces-publics-vous-donne-rdv\/","title":{"rendered":"Centre-ville de Metz \/ Des lieux de vie qui se r\u00e9inventent : le plan guide des espaces publics vous donne RDV"},"content":{"rendered":"\n<p><strong>Pour renforcer la strat\u00e9gie de redynamisation du centre-ville messin, l\u2019Eurom\u00e9tropole et la Ville misent sur un <mark style=\"background-color:rgba(0, 0, 0, 0);color:#63c6bd\" class=\"has-inline-color\">Plan guide des espaces publics<\/mark>, fa\u00e7onn\u00e9 sur-mesure gr\u00e2ce \u00e0 l\u2019expertise de l\u2019Agence d\u2019urbanisme d\u2019agglom\u00e9rations de Moselle (AGURAM). Il offre aux acteurs publics et priv\u00e9s intervenant sur ces lieux de partage un <mark style=\"background-color:rgba(0, 0, 0, 0);color:#63c6bd\" class=\"has-inline-color\">cadre de r\u00e9f\u00e9rence<\/mark>, afin que chaque am\u00e9nagement \u00e0 venir soit r\u00e9alis\u00e9 dans une logique d\u2019ensemble.<\/strong><\/p>\n\n\n\n<!--more-->\n\n\n\n<p>Rendre les d\u00e9placements pi\u00e9tons plus agr\u00e9ables et s\u00fbrs, am\u00e9liorer le confort des cyclistes, diversifier les lieux pour se retrouver\/se ressourcer, valoriser nos patrimoines architecturaux et paysagers\u2026 Autant d\u2019objectifs phares fl\u00e9ch\u00e9s dans ce document de r\u00e9f\u00e9rence, compl\u00e9mentaire aux outils r\u00e9glementaires.<\/p>\n\n\n\n<p>Un Plan r\u00e9solument orient\u00e9 vers l\u2019action, mais qui d\u00e9crit aussi ce qui est \u00e0 <strong>pr\u00e9server<\/strong> ou \u00e0 <strong>valoriser <\/strong>pour construire un futur d\u00e9sirable. Il aidera \u00e0 planifier l\u2019action publique \u00e0 court, moyen et long terme, tout en l\u2019inscrivant dans l\u2019histoire du centre-ville.<\/p>\n\n\n\n<p>Fruit d\u2019un important travail de concertation entre les services de la m\u00e9tropole, de la Ville, et l\u2019Architecte des b\u00e2timents de France, il traduit aussi l\u2019expression des habitants et des \u00e9lus au travers d\u2019un r\u00e9cit commun qui se veut \u00e9volutif et contributif.<\/p>\n\n\n\n<p>Des <strong>temps forts<\/strong> vont vous permettre de d\u00e9couvrir cet outil au service de la qualit\u00e9 de nos lieux de partage. Pour comprendre et contribuer au r\u00e9enchantement de votre centre-ville, nous vous donnons d\u2019ores et d\u00e9j\u00e0 rendez-vous&nbsp;:<\/p>\n\n\n\n<ul class=\"wp-block-list\">\n<li><strong><mark style=\"background-color:rgba(0, 0, 0, 0);color:#63c6bd\" class=\"has-inline-color\"><a href=\"https:\/\/www.aguram.org\/aguram\/conference-debat-a-metz-le-29-avril-2025-faire-la-ville-a-hauteur-denfant\/\" target=\"_blank\" rel=\"noreferrer noopener\">Le 29 avril&nbsp;pour une conf\u00e9rence, en fin d\u2019apr\u00e8s-midi, sur La ville \u00e0 hauteur d\u2019enfant<\/a><\/mark><\/strong>&nbsp;(retour sur) ;<\/li>\n\n\n\n<li><strong>Le 6 juin\u00a0pour une manifestation \u00ab\u00a0Rue aux enfants\u00a0\u00bb, \u00e0 Metz, qui invitera chacun.e \u00e0 se r\u00e9approprier une rue le temps d\u2019un apr\u00e8s-midi<\/strong> \/ <strong><mark style=\"background-color:rgba(0, 0, 0, 0)\" class=\"has-inline-color has-vivid-red-color\">Report\u00e9e \u00e0 septembre pour cause d&rsquo;intemp\u00e9ries<\/mark><\/strong><\/li>\n<\/ul>\n\n\n\n<figure class=\"wp-block-image size-large\"><img loading=\"lazy\" decoding=\"async\" width=\"1024\" height=\"359\" src=\"https:\/\/www.aguram.org\/wp-content\/uploads\/2025\/04\/Bandeau-rue-aux-enfants-copie-1-1024x359.png\" alt=\"\" class=\"wp-image-46926\" srcset=\"https:\/\/www.aguram.org\/wp-content\/uploads\/2025\/04\/Bandeau-rue-aux-enfants-copie-1-1024x359.png 1024w, https:\/\/www.aguram.org\/wp-content\/uploads\/2025\/04\/Bandeau-rue-aux-enfants-copie-1-300x105.png 300w, https:\/\/www.aguram.org\/wp-content\/uploads\/2025\/04\/Bandeau-rue-aux-enfants-copie-1-768x270.png 768w, https:\/\/www.aguram.org\/wp-content\/uploads\/2025\/04\/Bandeau-rue-aux-enfants-copie-1-1536x539.png 1536w, https:\/\/www.aguram.org\/wp-content\/uploads\/2025\/04\/Bandeau-rue-aux-enfants-copie-1.png 1781w\" sizes=\"auto, (max-width: 1024px) 100vw, 1024px\" \/><\/figure>\n\n\n\n<p><strong>Cet \u00e9t\u00e9, chaque messin.e pourra d\u00e9couvrir les grandes orientations du Plan guide \u00e0 travers une synth\u00e8se \u00e9dit\u00e9e par la Ville.<\/strong><\/p>\n\n\n\n<hr class=\"wp-block-separator has-alpha-channel-opacity\"\/>\n\n\n\n<h3 class=\"wp-block-heading\"><mark style=\"background-color:rgba(0, 0, 0, 0);color:#63c6bd\" class=\"has-inline-color\">Plan guide k\u00e9sako ?<\/mark><\/h3>\n\n\n\n<p>Un <strong>Plan guide<\/strong> est un document compl\u00e9mentaire aux outils r\u00e9glementaires, au service du projet urbain d\u2019une collectivit\u00e9. Il est r\u00e9solument orient\u00e9 vers l\u2019action et aide \u00e0 <strong>planifier l\u2019am\u00e9nagement des espaces publics \u00e0 court, moyen et long terme, tout en l\u2019inscrivant dans l\u2019histoire du centre-ville<\/strong>.<\/p>\n\n\n\n<p>En effet, il ne s\u2019agit pas de tout r\u00e9inventer : ce plan est l\u2019instrument d\u2019une continuit\u00e9 \u00e0 l\u2019\u00e9chelle du c\u0153ur de ville. Il s\u2019appuie sur ses points forts et sp\u00e9cificit\u00e9s, r\u00e9v\u00e8le ce qui est \u00e0 pr\u00e9server et valoriser, pour construire un futur d\u00e9sirable, prolonger l\u2019histoire et faire rayonner la ville plus largement encore.<\/p>\n\n\n\n<p>C\u2019est un projet d\u2019envergure, qui implique une r\u00e9flexion globale sur l\u2019organisation du stationnement, des acc\u00e8s au c\u0153ur de ville, de la gestion de l\u2019eau, de la place du v\u00e9g\u00e9tal, etc. et pose des ambitions. Il inclue des focus sur certains p\u00e9rim\u00e8tres embl\u00e9matiques, qui feront l\u2019objet de programmes sp\u00e9cifiques, et de nombreuses pr\u00e9conisations sur-mesure (coloris des sols, palette v\u00e9g\u00e9tale, mobilier urbain, par exemple).<\/p>\n\n\n\n<p>Fruit d\u2019un important travail de concertation entre les services de la m\u00e9tropole, de la Ville, et l\u2019Architecte des b\u00e2timents de France, fa\u00e7onn\u00e9 sur-mesure avec l\u2019appui de l\u2019Agence d\u2019urbanisme d\u2019agglom\u00e9rations de Moselle, il traduit aussi l\u2019expression des habitants et des \u00e9lus au travers d\u2019un r\u00e9cit commun qui se veut \u00e9volutif et contributif.<\/p>\n\n\n\n<hr class=\"wp-block-separator has-alpha-channel-opacity\"\/>\n\n\n<div class=\"wp-block-image\">\n<figure class=\"aligncenter size-large\"><img loading=\"lazy\" decoding=\"async\" width=\"1024\" height=\"159\" src=\"https:\/\/www.aguram.org\/wp-content\/uploads\/2025\/04\/rdv_aguram_footer02-1-1024x159.png\" alt=\"\" class=\"wp-image-46681\" srcset=\"https:\/\/www.aguram.org\/wp-content\/uploads\/2025\/04\/rdv_aguram_footer02-1-1024x159.png 1024w, https:\/\/www.aguram.org\/wp-content\/uploads\/2025\/04\/rdv_aguram_footer02-1-300x46.png 300w, https:\/\/www.aguram.org\/wp-content\/uploads\/2025\/04\/rdv_aguram_footer02-1-768x119.png 768w, https:\/\/www.aguram.org\/wp-content\/uploads\/2025\/04\/rdv_aguram_footer02-1-1536x238.png 1536w, https:\/\/www.aguram.org\/wp-content\/uploads\/2025\/04\/rdv_aguram_footer02-1-2048x317.png 2048w\" sizes=\"auto, (max-width: 1024px) 100vw, 1024px\" \/><\/figure><\/div>","protected":false},"excerpt":{"rendered":"<p>Pour renforcer la strat\u00e9gie de redynamisation du centre-ville messin, l\u2019Eurom\u00e9tropole et la Ville misent sur un Plan guide des espaces publics, fa\u00e7onn\u00e9 sur-mesure gr\u00e2ce \u00e0 l\u2019expertise de l\u2019Agence d\u2019urbanisme d\u2019agglom\u00e9rations de Moselle (AGURAM). Il offre aux acteurs publics et priv\u00e9s intervenant sur ces lieux de partage un cadre de r\u00e9f\u00e9rence, afin que chaque am\u00e9nagement \u00e0 [&hellip;]<\/p>\n","protected":false},"author":4,"featured_media":8190,"comment_status":"closed","ping_status":"closed","sticky":false,"template":"","format":"standard","meta":{"footnotes":""},"categories":[97,520,45,39,419,617],"tags":[700,735,1061,901,1270,1045,795,138,746],"class_list":["post-46679","post","type-post","status-publish","format-standard","has-post-thumbnail","hentry","category-economie","category-metz-metropole","category-evenement","category-mobilite","category-projet-urbain","category-redynamisation","tag-amenagement-2","tag-centre-ville-2","tag-espaces-publics","tag-eurometropole-de-metz","tag-pgep","tag-plan-guide","tag-projet-urbain","tag-redynamisation","tag-ville-de-metz"],"jetpack_featured_media_url":"https:\/\/www.aguram.org\/wp-content\/uploads\/2024\/04\/BREVE_02_Plan_guide_espaces_publics_VdM_illustration.jpg","_links":{"self":[{"href":"https:\/\/www.aguram.org\/aguram\/wp-json\/wp\/v2\/posts\/46679","targetHints":{"allow":["GET"]}}],"collection":[{"href":"https:\/\/www.aguram.org\/aguram\/wp-json\/wp\/v2\/posts"}],"about":[{"href":"https:\/\/www.aguram.org\/aguram\/wp-json\/wp\/v2\/types\/post"}],"author":[{"embeddable":true,"href":"https:\/\/www.aguram.org\/aguram\/wp-json\/wp\/v2\/users\/4"}],"replies":[{"embeddable":true,"href":"https:\/\/www.aguram.org\/aguram\/wp-json\/wp\/v2\/comments?post=46679"}],"version-history":[{"count":7,"href":"https:\/\/www.aguram.org\/aguram\/wp-json\/wp\/v2\/posts\/46679\/revisions"}],"predecessor-version":[{"id":46942,"href":"https:\/\/www.aguram.org\/aguram\/wp-json\/wp\/v2\/posts\/46679\/revisions\/46942"}],"wp:featuredmedia":[{"embeddable":true,"href":"https:\/\/www.aguram.org\/aguram\/wp-json\/wp\/v2\/media\/8190"}],"wp:attachment":[{"href":"https:\/\/www.aguram.org\/aguram\/wp-json\/wp\/v2\/media?parent=46679"}],"wp:term":[{"taxonomy":"category","embeddable":true,"href":"https:\/\/www.aguram.org\/aguram\/wp-json\/wp\/v2\/categories?post=46679"},{"taxonomy":"post_tag","embeddable":true,"href":"https:\/\/www.aguram.org\/aguram\/wp-json\/wp\/v2\/tags?post=46679"}],"curies":[{"name":"wp","href":"https:\/\/api.w.org\/{rel}","templated":true}]}}