
{"id":46284,"date":"2024-12-19T13:47:21","date_gmt":"2024-12-19T13:47:21","guid":{"rendered":"https:\/\/www.aguram.org\/aguram\/?p=46284"},"modified":"2025-02-19T15:14:40","modified_gmt":"2025-02-19T15:14:40","slug":"espaces-publicsen-debats","status":"publish","type":"post","link":"https:\/\/www.aguram.org\/aguram\/espaces-publicsen-debats\/","title":{"rendered":"ESPACE(S) PUBLIC(S)EN D\u00c9BAT(S)"},"content":{"rendered":"\n<p><strong>La 45<sup>e<\/sup> Rencontre nationale des agences d\u2019urbanisme organis\u00e9e par la Fnau et l\u2019Agence d\u2019urbanisme, de d\u00e9veloppement et du patrimoine du Pays de Saint-Omer (AUD) a eu lieu dans le Pas-de-Calais les 9, 10 et 11 octobre 2024. Urbanistes, architectes, ing\u00e9nieurs, chercheurs, am\u00e9nageurs, \u00e9lus et autres professionnels impliqu\u00e9s dans la fabrique de la ville y ont d\u00e9battu du futur des <mark style=\"background-color:rgba(0, 0, 0, 0)\" class=\"has-inline-color has-luminous-vivid-orange-color\">espaces publics<\/mark>.<\/strong><\/p>\n\n\n\n<p><strong>Ce num\u00e9ro du magazine <mark style=\"background-color:rgba(0, 0, 0, 0)\" class=\"has-inline-color has-luminous-vivid-orange-color\">Traits d\u2019agences<\/mark> \u00e9tait un support \u00e0 cette Rencontre annuelle. 24 pages pour plonger dans les enjeux li\u00e9s \u00e0 ces lieux, sc\u00e8nes et miroirs de notre vivre ensemble.<\/strong><\/p>\n\n\n\n<!--more-->\n\n\n\n<p>En page 5, un portrait de notre directeur g\u00e9n\u00e9ral, R\u00e9gis Brousse, qui a pris ses fonctions en juin 2024.<\/p>\n\n\n\n<p>En page 6, une br\u00e8ve sur notre \u00e9tude AGURAM men\u00e9e pour la Ville de Metz &nbsp;<a href=\"http:\/\/www.aguram.org\/aguram\/refaire-uneplace-\">\u2018(re)Faire une place \u00e0 la nature<\/a>\u2019.<\/p>\n\n\n<div class=\"wp-block-image\">\n<figure class=\"alignleft size-large is-resized\"><img loading=\"lazy\" decoding=\"async\" width=\"726\" height=\"1024\" src=\"https:\/\/www.aguram.org\/wp-content\/uploads\/2025\/02\/PGEP-726x1024.png\" alt=\"\" class=\"wp-image-46288\" style=\"width:358px;height:auto\" srcset=\"https:\/\/www.aguram.org\/wp-content\/uploads\/2025\/02\/PGEP-726x1024.png 726w, https:\/\/www.aguram.org\/wp-content\/uploads\/2025\/02\/PGEP-213x300.png 213w, https:\/\/www.aguram.org\/wp-content\/uploads\/2025\/02\/PGEP-768x1084.png 768w, https:\/\/www.aguram.org\/wp-content\/uploads\/2025\/02\/PGEP.png 868w\" sizes=\"auto, (max-width: 726px) 100vw, 726px\" \/><\/figure><\/div>\n\n\n<p>En page 18, un <strong>article sur le Plan guide des espaces publics de la Ville de Metz<\/strong>, propos\u00e9 par Marc-Philippe Casalis, chef de projet Planification \u2013 Projet urbain \u2013 Modes de vie \u00e0 AGURAM.<\/p>\n\n\n\n<p>L\u2019agence contribue, en effet, \u00e0 l\u2019\u00e9laboration d\u2019un <a href=\"https:\/\/www.aguram.org\/aguram\/un-centre-ville-apaise-une-ville-attractive-et-durable-les-objectifs-du-plan-guide-des-espaces-publics-de-metz\/\" target=\"_blank\" rel=\"noreferrer noopener\">plan guide pour l\u2019am\u00e9nagement des espaces publics du centre-ville de Metz<\/a>. Cette d\u00e9marche s\u2019inscrit dans la volont\u00e9 de redynamiser le centre historique en lien avec l\u2019Op\u00e9ration de revitalisation du territoire, port\u00e9e conjointement par l\u2019Eurom\u00e9tropole et la ville-centre.<\/p>\n\n\n\n<p>Cet article d\u00e9crypte la m\u00e9thode d\u00e9ploy\u00e9e au service de ce plan guide, qui pose une vision d\u2019ensemble sur un p\u00e9rim\u00e8tre de pr\u00e8s de 200 ha, incluant l\u2019un des plus grands Sites patrimoniaux remarquables de France, et qui doit tenir compte des enjeux d\u2019am\u00e9nagement des espaces publics dans un contexte patrimonial prot\u00e9g\u00e9 impliquant un dialogue continu avec les services de l\u2019\u00c9tat. \u00c0 terme, la collectivit\u00e9 disposera d\u2019une feuille de route pour coordonner l\u2019action des diff\u00e9rents services intervenant sur l\u2019espace public et prioriser ses investissements.<\/p>\n","protected":false},"excerpt":{"rendered":"<p>La 45e Rencontre nationale des agences d\u2019urbanisme organis\u00e9e par la Fnau et l\u2019Agence d\u2019urbanisme, de d\u00e9veloppement et du patrimoine du Pays de Saint-Omer (AUD) a eu lieu dans le Pas-de-Calais les 9, 10 et 11 octobre 2024. Urbanistes, architectes, ing\u00e9nieurs, chercheurs, am\u00e9nageurs, \u00e9lus et autres professionnels impliqu\u00e9s dans la fabrique de la ville y ont [&hellip;]<\/p>\n","protected":false},"author":4,"featured_media":46290,"comment_status":"closed","ping_status":"closed","sticky":false,"template":"","format":"standard","meta":{"footnotes":""},"categories":[53,94],"tags":[1061,664,1045,1247],"class_list":["post-46284","post","type-post","status-publish","format-standard","has-post-thumbnail","hentry","category-cooperations-territoriales","category-projets-urbains","tag-espaces-publics","tag-fnau-3","tag-plan-guide","tag-rencontres-fnau"],"jetpack_featured_media_url":"https:\/\/www.aguram.org\/wp-content\/uploads\/2025\/02\/TA_espaces_publics.png","_links":{"self":[{"href":"https:\/\/www.aguram.org\/aguram\/wp-json\/wp\/v2\/posts\/46284","targetHints":{"allow":["GET"]}}],"collection":[{"href":"https:\/\/www.aguram.org\/aguram\/wp-json\/wp\/v2\/posts"}],"about":[{"href":"https:\/\/www.aguram.org\/aguram\/wp-json\/wp\/v2\/types\/post"}],"author":[{"embeddable":true,"href":"https:\/\/www.aguram.org\/aguram\/wp-json\/wp\/v2\/users\/4"}],"replies":[{"embeddable":true,"href":"https:\/\/www.aguram.org\/aguram\/wp-json\/wp\/v2\/comments?post=46284"}],"version-history":[{"count":1,"href":"https:\/\/www.aguram.org\/aguram\/wp-json\/wp\/v2\/posts\/46284\/revisions"}],"predecessor-version":[{"id":46291,"href":"https:\/\/www.aguram.org\/aguram\/wp-json\/wp\/v2\/posts\/46284\/revisions\/46291"}],"wp:featuredmedia":[{"embeddable":true,"href":"https:\/\/www.aguram.org\/aguram\/wp-json\/wp\/v2\/media\/46290"}],"wp:attachment":[{"href":"https:\/\/www.aguram.org\/aguram\/wp-json\/wp\/v2\/media?parent=46284"}],"wp:term":[{"taxonomy":"category","embeddable":true,"href":"https:\/\/www.aguram.org\/aguram\/wp-json\/wp\/v2\/categories?post=46284"},{"taxonomy":"post_tag","embeddable":true,"href":"https:\/\/www.aguram.org\/aguram\/wp-json\/wp\/v2\/tags?post=46284"}],"curies":[{"name":"wp","href":"https:\/\/api.w.org\/{rel}","templated":true}]}}