
{"id":46256,"date":"2025-02-17T08:55:49","date_gmt":"2025-02-17T08:55:49","guid":{"rendered":"https:\/\/www.aguram.org\/aguram\/?p=46256"},"modified":"2025-02-17T08:59:01","modified_gmt":"2025-02-17T08:59:01","slug":"plh-des-rives-de-moselle-un-outil-strategique-au-service-du-developpement-du-territoire","status":"publish","type":"post","link":"https:\/\/www.aguram.org\/aguram\/plh-des-rives-de-moselle-un-outil-strategique-au-service-du-developpement-du-territoire\/","title":{"rendered":"PLH des Rives de Moselle\u00a0: un outil strat\u00e9gique au service du d\u00e9veloppement du territoire"},"content":{"rendered":"\n<p><strong>Le <mark style=\"background-color:rgba(0, 0, 0, 0)\" class=\"has-inline-color has-luminous-vivid-orange-color\">Programme local de l\u2019habitat de la communaut\u00e9 de communes Rives de Moselle<\/mark> est ex\u00e9cutoire depuis septembre 2024. \u00c9labor\u00e9 par l\u2019AGURAM, ce document strat\u00e9gique de programmation et de mise en \u0153uvre de la politique du logement constitue un cadre de r\u00e9f\u00e9rence, applicable sur une p\u00e9riode de 6 ans (2024-2029). Il fixe des objectifs quantitatifs et qualitatifs permettant de r\u00e9pondre aux besoins en logements et \u00e0 la demande de la population tout en favorisant le renouvellement de l\u2019offre et la mixit\u00e9 sociale. <\/strong><\/p>\n\n\n\n<!--more-->\n\n\n\n<p>L\u2019EPCI pr\u00e9voit ainsi d\u2019atteindre le seuil des 55\u00a0000 habitants d\u2019ici la fin de son PLH. Le d\u00e9veloppement r\u00e9sidentiel li\u00e9 \u00e0 la dynamique enregistr\u00e9e sur le territoire sera n\u00e9cessairement adoss\u00e9 \u00e0 un objectif de pr\u00e9servation de la ressource fonci\u00e8re\u00a0: c\u2019est l\u2019un des objectifs majeurs retenus. La diversification de l\u2019offre de logements, devant permettre de r\u00e9pondre aux diff\u00e9rents besoins et parcours r\u00e9sidentiels des m\u00e9nages, est l\u2019un des autres axes forts ent\u00e9rin\u00e9s, dans un contexte d\u2019\u00e9volution r\u00e9guli\u00e8re du poids des travailleurs frontaliers.<\/p>\n\n\n<div class=\"wp-block-image\">\n<figure class=\"aligncenter size-large is-resized\"><a href=\"https:\/\/www.aguram.org\/wp-content\/uploads\/2025\/02\/09_actifs_luxembourg_Plan-de-travail-1-scaled.jpg\"><img loading=\"lazy\" decoding=\"async\" width=\"1024\" height=\"717\" src=\"https:\/\/www.aguram.org\/wp-content\/uploads\/2025\/02\/09_actifs_luxembourg_Plan-de-travail-1-1024x717.jpg\" alt=\"\" class=\"wp-image-46257\" style=\"width:807px;height:auto\" srcset=\"https:\/\/www.aguram.org\/wp-content\/uploads\/2025\/02\/09_actifs_luxembourg_Plan-de-travail-1-1024x717.jpg 1024w, https:\/\/www.aguram.org\/wp-content\/uploads\/2025\/02\/09_actifs_luxembourg_Plan-de-travail-1-300x210.jpg 300w, https:\/\/www.aguram.org\/wp-content\/uploads\/2025\/02\/09_actifs_luxembourg_Plan-de-travail-1-768x537.jpg 768w, https:\/\/www.aguram.org\/wp-content\/uploads\/2025\/02\/09_actifs_luxembourg_Plan-de-travail-1-1536x1075.jpg 1536w, https:\/\/www.aguram.org\/wp-content\/uploads\/2025\/02\/09_actifs_luxembourg_Plan-de-travail-1-2048x1433.jpg 2048w\" sizes=\"auto, (max-width: 1024px) 100vw, 1024px\" \/><\/a><\/figure><\/div>\n\n\n<p class=\"has-text-align-center\"><mark style=\"background-color:rgba(0, 0, 0, 0);color:#787878\" class=\"has-inline-color\"><em>Extrait du PLH des Rives de Moselle. T\u00e9l\u00e9chargez l&rsquo;ensemble des documents <\/em><br><em>(diagnostic, document d&rsquo;orientations et programme d&rsquo;actions) ci-dessous<\/em><\/mark><\/p>\n\n\n\n<p><\/p>\n","protected":false},"excerpt":{"rendered":"<p>Le Programme local de l\u2019habitat de la communaut\u00e9 de communes Rives de Moselle est ex\u00e9cutoire depuis septembre 2024. \u00c9labor\u00e9 par l\u2019AGURAM, ce document strat\u00e9gique de programmation et de mise en \u0153uvre de la politique du logement constitue un cadre de r\u00e9f\u00e9rence, applicable sur une p\u00e9riode de 6 ans (2024-2029). Il fixe des objectifs quantitatifs et [&hellip;]<\/p>\n","protected":false},"author":4,"featured_media":46259,"comment_status":"closed","ping_status":"closed","sticky":false,"template":"","format":"standard","meta":{"footnotes":""},"categories":[50],"tags":[551,552,1244,925],"class_list":["post-46256","post","type-post","status-publish","format-standard","has-post-thumbnail","hentry","category-habitat-societe","tag-habitat-2","tag-plh-2","tag-programme-local-de-lhabitat","tag-rives-de-moselle-2"],"jetpack_featured_media_url":"https:\/\/www.aguram.org\/wp-content\/uploads\/2025\/02\/PLH-RDM.png","_links":{"self":[{"href":"https:\/\/www.aguram.org\/aguram\/wp-json\/wp\/v2\/posts\/46256","targetHints":{"allow":["GET"]}}],"collection":[{"href":"https:\/\/www.aguram.org\/aguram\/wp-json\/wp\/v2\/posts"}],"about":[{"href":"https:\/\/www.aguram.org\/aguram\/wp-json\/wp\/v2\/types\/post"}],"author":[{"embeddable":true,"href":"https:\/\/www.aguram.org\/aguram\/wp-json\/wp\/v2\/users\/4"}],"replies":[{"embeddable":true,"href":"https:\/\/www.aguram.org\/aguram\/wp-json\/wp\/v2\/comments?post=46256"}],"version-history":[{"count":2,"href":"https:\/\/www.aguram.org\/aguram\/wp-json\/wp\/v2\/posts\/46256\/revisions"}],"predecessor-version":[{"id":46264,"href":"https:\/\/www.aguram.org\/aguram\/wp-json\/wp\/v2\/posts\/46256\/revisions\/46264"}],"wp:featuredmedia":[{"embeddable":true,"href":"https:\/\/www.aguram.org\/aguram\/wp-json\/wp\/v2\/media\/46259"}],"wp:attachment":[{"href":"https:\/\/www.aguram.org\/aguram\/wp-json\/wp\/v2\/media?parent=46256"}],"wp:term":[{"taxonomy":"category","embeddable":true,"href":"https:\/\/www.aguram.org\/aguram\/wp-json\/wp\/v2\/categories?post=46256"},{"taxonomy":"post_tag","embeddable":true,"href":"https:\/\/www.aguram.org\/aguram\/wp-json\/wp\/v2\/tags?post=46256"}],"curies":[{"name":"wp","href":"https:\/\/api.w.org\/{rel}","templated":true}]}}