
{"id":46224,"date":"2025-02-10T14:19:00","date_gmt":"2025-02-10T14:19:00","guid":{"rendered":"https:\/\/www.aguram.org\/aguram\/?p=46224"},"modified":"2025-02-10T14:20:42","modified_gmt":"2025-02-10T14:20:42","slug":"urbanisme-favorable-a-la-sante-un-guide-pour-mieux-comprendre-agir-sur-son-territoire","status":"publish","type":"post","link":"https:\/\/www.aguram.org\/aguram\/urbanisme-favorable-a-la-sante-un-guide-pour-mieux-comprendre-agir-sur-son-territoire\/","title":{"rendered":"URBANISME FAVORABLE \u00c0 LA SANT\u00c9\u00a0: UN GUIDE POUR MIEUX COMPRENDRE &amp; AGIR SUR SON TERRITOIRE"},"content":{"rendered":"\n<p><strong>Les agences d\u2019urbanisme du Grand Est (r\u00e9seau 7Est) et l\u2019Agence r\u00e9gionale de sant\u00e9 publient un plaidoyer sur la <mark style=\"background-color:rgba(0, 0, 0, 0)\" class=\"has-inline-color has-luminous-vivid-orange-color\">prise en compte des enjeux de sant\u00e9 dans les d\u00e9marches de planification territoriale et d\u2019urbanisme op\u00e9rationnel<\/mark>. Elabor\u00e9 dans le cadre du 4<sup>\u00e8me<\/sup> Plan r\u00e9gional sant\u00e9 environnement, ce guide vise \u00e0 sensibiliser les collectivit\u00e9s territoriales et autres acteurs du d\u00e9veloppement des territoires en mettant en lumi\u00e8re les enjeux d\u2019articulation entre les politiques publiques d\u2019am\u00e9nagement et de sant\u00e9.<\/strong><\/p>\n\n\n\n<!--more-->\n\n\n\n<p>Il int\u00e8gre un focus sur 4 partenaires proposant leur expertise dans le domaine de l\u2019Urbanisme favorable \u00e0 la sant\u00e9 (UFS).<\/p>\n\n\n\n<p>Une publication qui contribue \u00e0 b\u00e2tir une <strong>culture commune sur les enjeux d\u2019urbanisme et de sant\u00e9<\/strong>, th\u00e9matique plus que jamais d\u2019actualit\u00e9 au regard de la n\u00e9cessit\u00e9 pour nos territoires de s\u2019adapter aux cons\u00e9quences du changement climatique et de r\u00e9pondre aux attentes des citoyens en mati\u00e8re de sant\u00e9 et de bien-\u00eatre.<\/p>\n\n\n<div class=\"wp-block-image\">\n<figure class=\"aligncenter size-large is-resized\"><a href=\"https:\/\/www.aguram.org\/wp-content\/uploads\/2025\/02\/Illustration_UFS02.png\"><img loading=\"lazy\" decoding=\"async\" width=\"1024\" height=\"319\" src=\"https:\/\/www.aguram.org\/wp-content\/uploads\/2025\/02\/Illustration_UFS02-1024x319.png\" alt=\"\" class=\"wp-image-46225\" style=\"width:709px;height:auto\" srcset=\"https:\/\/www.aguram.org\/wp-content\/uploads\/2025\/02\/Illustration_UFS02-1024x319.png 1024w, https:\/\/www.aguram.org\/wp-content\/uploads\/2025\/02\/Illustration_UFS02-300x94.png 300w, https:\/\/www.aguram.org\/wp-content\/uploads\/2025\/02\/Illustration_UFS02-768x240.png 768w, https:\/\/www.aguram.org\/wp-content\/uploads\/2025\/02\/Illustration_UFS02.png 1532w\" sizes=\"auto, (max-width: 1024px) 100vw, 1024px\" \/><\/a><\/figure><\/div>\n\n\n<p>Info ++\u00a0: le r\u00e9seau 7Est accompagne la mise en \u0153uvre du 4<sup>e<\/sup> <a href=\"https:\/\/www.grand-est.prse.fr\/spip.php?page=sommaire\">PRSE (Plan r\u00e9gional sant\u00e9 environnement) du Grand Est<\/a>.<\/p>\n","protected":false},"excerpt":{"rendered":"<p>Les agences d\u2019urbanisme du Grand Est (r\u00e9seau 7Est) et l\u2019Agence r\u00e9gionale de sant\u00e9 publient un plaidoyer sur la prise en compte des enjeux de sant\u00e9 dans les d\u00e9marches de planification territoriale et d\u2019urbanisme op\u00e9rationnel. Elabor\u00e9 dans le cadre du 4\u00e8me Plan r\u00e9gional sant\u00e9 environnement, ce guide vise \u00e0 sensibiliser les collectivit\u00e9s territoriales et autres acteurs [&hellip;]<\/p>\n","protected":false},"author":4,"featured_media":46229,"comment_status":"closed","ping_status":"closed","sticky":false,"template":"","format":"standard","meta":{"footnotes":""},"categories":[53,50,94,610],"tags":[1024,1232,1072,1233,1173,1231],"class_list":["post-46224","post","type-post","status-publish","format-standard","has-post-thumbnail","hentry","category-cooperations-territoriales","category-habitat-societe","category-projets-urbains","category-sante","tag-bien-etre","tag-design-actif","tag-prse","tag-sante-publique","tag-ufs","tag-urbanisme-favorable-a-la-sante"],"jetpack_featured_media_url":"https:\/\/www.aguram.org\/wp-content\/uploads\/2025\/02\/Couverture-UFS2.png","_links":{"self":[{"href":"https:\/\/www.aguram.org\/aguram\/wp-json\/wp\/v2\/posts\/46224","targetHints":{"allow":["GET"]}}],"collection":[{"href":"https:\/\/www.aguram.org\/aguram\/wp-json\/wp\/v2\/posts"}],"about":[{"href":"https:\/\/www.aguram.org\/aguram\/wp-json\/wp\/v2\/types\/post"}],"author":[{"embeddable":true,"href":"https:\/\/www.aguram.org\/aguram\/wp-json\/wp\/v2\/users\/4"}],"replies":[{"embeddable":true,"href":"https:\/\/www.aguram.org\/aguram\/wp-json\/wp\/v2\/comments?post=46224"}],"version-history":[{"count":1,"href":"https:\/\/www.aguram.org\/aguram\/wp-json\/wp\/v2\/posts\/46224\/revisions"}],"predecessor-version":[{"id":46228,"href":"https:\/\/www.aguram.org\/aguram\/wp-json\/wp\/v2\/posts\/46224\/revisions\/46228"}],"wp:featuredmedia":[{"embeddable":true,"href":"https:\/\/www.aguram.org\/aguram\/wp-json\/wp\/v2\/media\/46229"}],"wp:attachment":[{"href":"https:\/\/www.aguram.org\/aguram\/wp-json\/wp\/v2\/media?parent=46224"}],"wp:term":[{"taxonomy":"category","embeddable":true,"href":"https:\/\/www.aguram.org\/aguram\/wp-json\/wp\/v2\/categories?post=46224"},{"taxonomy":"post_tag","embeddable":true,"href":"https:\/\/www.aguram.org\/aguram\/wp-json\/wp\/v2\/tags?post=46224"}],"curies":[{"name":"wp","href":"https:\/\/api.w.org\/{rel}","templated":true}]}}