
{"id":4313,"date":"2020-05-20T07:26:47","date_gmt":"2020-05-20T07:26:47","guid":{"rendered":"https:\/\/www.aguram.org\/aguram\/?p=4313"},"modified":"2020-05-20T07:28:14","modified_gmt":"2020-05-20T07:28:14","slug":"saint-avold-une-carte-pour-reperer-les-enjeux-de-redynamisation-du-centre-ville","status":"publish","type":"post","link":"https:\/\/www.aguram.org\/aguram\/saint-avold-une-carte-pour-reperer-les-enjeux-de-redynamisation-du-centre-ville\/","title":{"rendered":"SAINT-AVOLD : UNE CARTE POUR REP\u00c9RER LES ENJEUX DE REDYNAMISATION DU CENTRE-VILLE"},"content":{"rendered":"\n<p><strong>L\u2019AGURAM accompagne la ville de Saint-Avold dans sa d\u00e9marche de revitalisation, soutenue par le dispositif Action c\u0153ur de ville. Avec son regard ext\u00e9rieur et le retour d\u2019exp\u00e9rience des travaux men\u00e9s pour d\u2019autres centres-villes de Moselle (<\/strong><a href=\"https:\/\/www.aguram.org\/aguram\/?s=thionville\"><strong>Thionville<\/strong><\/a><strong>, <\/strong><a href=\"https:\/\/www.aguram.org\/aguram\/redynamisation-du-centre-bourg-dars-sur-moselle-synthese-de-la-demarche\/\"><strong>Ars-sur-Moselle<\/strong><\/a><strong>), l\u2019agence a construit une vision transversale sous forme de diagnostic initial. Forte de cet \u00e9tat des lieux abordant toutes les composantes urbaines, d\u00e9mographiques et environnementales de la ville, l\u2019agence a ensuite aid\u00e9 les \u00e9lus \u00e0 orienter et hi\u00e9rarchiser leurs actions strat\u00e9giques. La finalit\u00e9 est un plan global d\u2019op\u00e9ration d\u00e9taill\u00e9, organis\u00e9 selon 5 axes de travail. D\u00e9couvrez la m\u00e9thode d\u00e9ploy\u00e9e \u00e0 Saint-Avold et les grands enjeux retenus \u00e0 travers une carte de synth\u00e8se.<\/strong><\/p>\n\n\n\n<!--more-->\n\n\n\n<h4 class=\"wp-block-heading\">++<strong>INFOS<\/strong><\/h4>\n\n\n\n<p><strong>Objectifs atteints<\/strong> par le diagnostic AGURAM :<\/p>\n\n\n\n<ol class=\"wp-block-list\" type=\"1\"><li>formuler les compl\u00e9ments d\u2019observation et de connaissance indispensables, impulser des temps de prospective et d\u2019exp\u00e9rimentation ou des compl\u00e9ments d\u2019\u00e9tudes sp\u00e9cifiques ;<\/li><li>cibler les actions \u00e0 mener et tracer une premi\u00e8re feuille de route \u00e0 court, moyen et long termes (l\u2019agence a anim\u00e9 les d\u00e9bats, retrac\u00e9 les constats partag\u00e9s du diagnostic et aid\u00e9 \u00e0 la r\u00e9daction finale de la feuille de route) ;<\/li><li>suivre les actions lanc\u00e9es en 2018-2019, au regard d\u2019une strat\u00e9gie globale et coh\u00e9rente ;<\/li><li>proposer des actions pour 2020-2025.<\/li><\/ol>\n\n\n\n<p><strong>Axes de travail<\/strong> de la d\u00e9marche Action c\u0153ur de ville\u00a0:<\/p>\n\n\n\n<ul class=\"wp-block-list\"><li>de la r\u00e9habilitation \u00e0 la restructuration vers une offre attractive de l\u2019habitat en centre-ville&nbsp;;<\/li><li>favoriser un d\u00e9veloppement \u00e9conomique et commercial \u00e9quilibr\u00e9&nbsp;;<\/li><li>d\u00e9velopper l\u2019accessibilit\u00e9, la mobilit\u00e9 et les connexions&nbsp;;<\/li><li>mettre en valeur formes urbaines, espace public et patrimoine&nbsp;: am\u00e9liorer le cadre de vie&nbsp;;<\/li><li>fournir l\u2019acc\u00e8s aux \u00e9quipements et services publics, proposer une offre culturelle et de loisirs de qualit\u00e9.<\/li><\/ul>\n\n\n\n<h4 class=\"wp-block-heading\">++<strong>REP\u00c8RES<\/strong><\/h4>\n\n\n\n<div class=\"wp-block-image\"><figure class=\"aligncenter size-large is-resized\"><img loading=\"lazy\" decoding=\"async\" src=\"https:\/\/www.aguram.org\/wp-content\/uploads\/2020\/05\/03.-BREVE_redynamisation-_Saint-Avold_illustration2.png\" alt=\"\" class=\"wp-image-4314\" width=\"552\" height=\"593\" srcset=\"https:\/\/www.aguram.org\/wp-content\/uploads\/2020\/05\/03.-BREVE_redynamisation-_Saint-Avold_illustration2.png 896w, https:\/\/www.aguram.org\/wp-content\/uploads\/2020\/05\/03.-BREVE_redynamisation-_Saint-Avold_illustration2-279x300.png 279w, https:\/\/www.aguram.org\/wp-content\/uploads\/2020\/05\/03.-BREVE_redynamisation-_Saint-Avold_illustration2-768x825.png 768w\" sizes=\"auto, (max-width: 552px) 100vw, 552px\" \/><\/figure><\/div>\n","protected":false},"excerpt":{"rendered":"<p>L\u2019AGURAM accompagne la ville de Saint-Avold dans sa d\u00e9marche de revitalisation, soutenue par le dispositif Action c\u0153ur de ville. Avec son regard ext\u00e9rieur et le retour d\u2019exp\u00e9rience des travaux men\u00e9s pour d\u2019autres centres-villes de Moselle (Thionville, Ars-sur-Moselle), l\u2019agence a construit une vision transversale sous forme de diagnostic initial. Forte de cet \u00e9tat des lieux abordant toutes les composantes urbaines, d\u00e9mographiques et environnementales de la ville, l\u2019agence a ensuite aid\u00e9 les \u00e9lus \u00e0 orienter et hi\u00e9rarchiser leurs actions strat\u00e9giques. La finalit\u00e9 est un plan global d\u2019op\u00e9ration d\u00e9taill\u00e9, organis\u00e9 selon 5 axes de travail. D\u00e9couvrez la m\u00e9thode d\u00e9ploy\u00e9e \u00e0 Saint-Avold et les grands enjeux retenus \u00e0 travers une carte de synth\u00e8se.<\/p>\n","protected":false},"author":7,"featured_media":4316,"comment_status":"closed","ping_status":"closed","sticky":false,"template":"","format":"standard","meta":{"footnotes":""},"categories":[51,94],"tags":[226,586,140,598,224,596,597,225,138],"class_list":["post-4313","post","type-post","status-publish","format-standard","has-post-thumbnail","hentry","category-planification-foncier","category-projets-urbains","tag-actioncoeurdeville","tag-carte","tag-centre-ville","tag-enjeux","tag-revitalisation","tag-saint-avold","tag-saintavold","tag-synthese-2","tag-redynamisation"],"jetpack_featured_media_url":"https:\/\/www.aguram.org\/wp-content\/uploads\/2020\/05\/03.-BREVE_redynamisation-_Saint-Avold_illustration1.png","_links":{"self":[{"href":"https:\/\/www.aguram.org\/aguram\/wp-json\/wp\/v2\/posts\/4313","targetHints":{"allow":["GET"]}}],"collection":[{"href":"https:\/\/www.aguram.org\/aguram\/wp-json\/wp\/v2\/posts"}],"about":[{"href":"https:\/\/www.aguram.org\/aguram\/wp-json\/wp\/v2\/types\/post"}],"author":[{"embeddable":true,"href":"https:\/\/www.aguram.org\/aguram\/wp-json\/wp\/v2\/users\/7"}],"replies":[{"embeddable":true,"href":"https:\/\/www.aguram.org\/aguram\/wp-json\/wp\/v2\/comments?post=4313"}],"version-history":[{"count":6,"href":"https:\/\/www.aguram.org\/aguram\/wp-json\/wp\/v2\/posts\/4313\/revisions"}],"predecessor-version":[{"id":4322,"href":"https:\/\/www.aguram.org\/aguram\/wp-json\/wp\/v2\/posts\/4313\/revisions\/4322"}],"wp:featuredmedia":[{"embeddable":true,"href":"https:\/\/www.aguram.org\/aguram\/wp-json\/wp\/v2\/media\/4316"}],"wp:attachment":[{"href":"https:\/\/www.aguram.org\/aguram\/wp-json\/wp\/v2\/media?parent=4313"}],"wp:term":[{"taxonomy":"category","embeddable":true,"href":"https:\/\/www.aguram.org\/aguram\/wp-json\/wp\/v2\/categories?post=4313"},{"taxonomy":"post_tag","embeddable":true,"href":"https:\/\/www.aguram.org\/aguram\/wp-json\/wp\/v2\/tags?post=4313"}],"curies":[{"name":"wp","href":"https:\/\/api.w.org\/{rel}","templated":true}]}}