
{"id":3733,"date":"2019-01-01T09:09:02","date_gmt":"2019-01-01T09:09:02","guid":{"rendered":"https:\/\/www.aguram.org\/aguram\/?p=3733"},"modified":"2019-10-31T13:46:02","modified_gmt":"2019-10-31T13:46:02","slug":"quelles-habitudes-de-mobilite-dans-la-houve-et-le-pays-boulageois","status":"publish","type":"post","link":"https:\/\/www.aguram.org\/aguram\/quelles-habitudes-de-mobilite-dans-la-houve-et-le-pays-boulageois\/","title":{"rendered":"QUELLES HABITUDES DE MOBILIT\u00c9 DANS LA HOUVE ET LE PAYS BOULAGEOIS ?"},"content":{"rendered":"\n<p><strong>Le portrait de la <a href=\"https:\/\/www.paysboulageois.fr\/\" target=\"_blank\" rel=\"noreferrer noopener\" aria-label=\"Communaut\u00e9s de communes de la Houve et du Pays Boulageois (s\u2019ouvre dans un nouvel onglet)\">Communaut\u00e9s de communes de la Houve et du Pays Boulageois<\/a>, r\u00e9alis\u00e9 par l\u2019AGURAM \u00e0 partir des r\u00e9sultats de l\u2019Enqu\u00eate d\u00e9placements grand territoire, montre que les habitants r\u00e9alisent 4 d\u00e9placements journaliers en moyenne. Les loisirs sont le 1<sup>er <\/sup>motif de d\u00e9placement interne. On note \u00e9galement que 30 % des migrations domicile-travail sont effectu\u00e9es avec l\u2019Allemagne.<\/strong><\/p>\n\n\n\n<!--more-->\n\n\n\n<div class=\"wp-block-image\"><figure class=\"aligncenter is-resized\"><img loading=\"lazy\" decoding=\"async\" src=\"https:\/\/www.aguram.org\/wp-content\/uploads\/2019\/10\/Portrait_CCHPB.jpg\" alt=\"\" class=\"wp-image-3681\" width=\"680\" height=\"410\" srcset=\"https:\/\/www.aguram.org\/wp-content\/uploads\/2019\/10\/Portrait_CCHPB.jpg 580w, https:\/\/www.aguram.org\/wp-content\/uploads\/2019\/10\/Portrait_CCHPB-300x181.jpg 300w\" sizes=\"auto, (max-width: 680px) 100vw, 680px\" \/><\/figure><\/div>\n\n\n\n<h4 class=\"wp-block-heading\"><strong>++ INFOS<\/strong><\/h4>\n\n\n\n<p>Ce portrait est issu des r\u00e9sultats de l&rsquo;Enqu\u00eate d\u00e9placements grand territoire (EDGT) lanc\u00e9e par le SCoTAM et Metz M\u00e9tropole en 2016-2017, en s\u2019appuyant sur l\u2019expertise de l&rsquo;AGURAM. Retrouvez les autres portraits de territoire (<a href=\"https:\/\/www.aguram.org\/aguram\/quelles-habitudes-de-mobilite-dans-le-scotam\/\">SCoTAM<\/a>, <a href=\"https:\/\/www.aguram.org\/aguram\/quelles-habitudes-de-mobilite-a-metz-metropole\/\">Metz M\u00e9tropole<\/a>, <a rel=\"noreferrer noopener\" aria-label=\"Sud messin (s\u2019ouvre dans un nouvel onglet)\" href=\"https:\/\/www.aguram.org\/aguram\/quelles-habitudes-de-mobilite-dans-le-sud-messin\/\" target=\"_blank\">Sud messin<\/a>, <a rel=\"noreferrer noopener\" aria-label=\"Pays Orne-Moselle (s\u2019ouvre dans un nouvel onglet)\" href=\"https:\/\/www.aguram.org\/aguram\/quelles-habitudes-de-mobilite-dans-le-pays-orne-moselle\/ \" target=\"_blank\">Pays Orne-Moselle<\/a>, <a href=\"https:\/\/www.aguram.org\/aguram\/quelles-habitudes-de-mobilite-dans-les-rives-de-moselle\/ \" target=\"_blank\" rel=\"noreferrer noopener\" aria-label=\"Rives de Moselle (s\u2019ouvre dans un nouvel onglet)\">Rives de Moselle<\/a>, <a href=\"https:\/\/www.aguram.org\/aguram\/quelles-habitudes-de-mobilite-a-mad-et-moselle\/\">Mad et Moselle<\/a> et <a href=\"https:\/\/www.aguram.org\/aguram\/quelles-habitudes-de-mobilite-a-haut-chemin-pays-de-pange\/\">Haut Chemin \u2013 Pays de Pange<\/a>) et les <a href=\"https:\/\/www.aguram.org\/aguram\/enquete-deplacements-grand-territoire-les-chiffres-cles\/\">chiffres-cl\u00e9s<\/a> dans la rubrique <a href=\"https:\/\/www.aguram.org\/aguram\/publications\/mobilite-deplacements\/\">PUBLICATIONS > MOBILITE<\/a> de ce site ou avec le #EDGT.<\/p>\n","protected":false},"excerpt":{"rendered":"<p>Le portrait de la Communaut\u00e9s de communes de la Houve et du Pays Boulageois, r\u00e9alis\u00e9 par l\u2019AGURAM \u00e0 partir des r\u00e9sultats de l\u2019Enqu\u00eate d\u00e9placements grand territoire, montre que les habitants r\u00e9alisent 4 d\u00e9placements journaliers en moyenne. Les loisirs sont le 1er motif de d\u00e9placement interne. On note \u00e9galement que 30 % des migrations domicile-travail sont [&hellip;]<\/p>\n","protected":false},"author":7,"featured_media":3717,"comment_status":"closed","ping_status":"closed","sticky":false,"template":"","format":"standard","meta":{"footnotes":""},"categories":[53,78],"tags":[430,163,160,168,424,164,31,431,106,333],"class_list":["post-3733","post","type-post","status-publish","format-standard","has-post-thumbnail","hentry","category-cooperations-territoriales","category-mobilite-deplacements","tag-cchpb","tag-deplacements","tag-edgt","tag-enquete","tag-enquetedeplacements","tag-houve","tag-mobilite","tag-paysboulageois","tag-scotam","tag-transports"],"jetpack_featured_media_url":"https:\/\/www.aguram.org\/wp-content\/uploads\/2019\/10\/Portrait_CCHPB_img-1.jpg","_links":{"self":[{"href":"https:\/\/www.aguram.org\/aguram\/wp-json\/wp\/v2\/posts\/3733","targetHints":{"allow":["GET"]}}],"collection":[{"href":"https:\/\/www.aguram.org\/aguram\/wp-json\/wp\/v2\/posts"}],"about":[{"href":"https:\/\/www.aguram.org\/aguram\/wp-json\/wp\/v2\/types\/post"}],"author":[{"embeddable":true,"href":"https:\/\/www.aguram.org\/aguram\/wp-json\/wp\/v2\/users\/7"}],"replies":[{"embeddable":true,"href":"https:\/\/www.aguram.org\/aguram\/wp-json\/wp\/v2\/comments?post=3733"}],"version-history":[{"count":3,"href":"https:\/\/www.aguram.org\/aguram\/wp-json\/wp\/v2\/posts\/3733\/revisions"}],"predecessor-version":[{"id":3746,"href":"https:\/\/www.aguram.org\/aguram\/wp-json\/wp\/v2\/posts\/3733\/revisions\/3746"}],"wp:featuredmedia":[{"embeddable":true,"href":"https:\/\/www.aguram.org\/aguram\/wp-json\/wp\/v2\/media\/3717"}],"wp:attachment":[{"href":"https:\/\/www.aguram.org\/aguram\/wp-json\/wp\/v2\/media?parent=3733"}],"wp:term":[{"taxonomy":"category","embeddable":true,"href":"https:\/\/www.aguram.org\/aguram\/wp-json\/wp\/v2\/categories?post=3733"},{"taxonomy":"post_tag","embeddable":true,"href":"https:\/\/www.aguram.org\/aguram\/wp-json\/wp\/v2\/tags?post=3733"}],"curies":[{"name":"wp","href":"https:\/\/api.w.org\/{rel}","templated":true}]}}