
{"id":3672,"date":"2019-04-01T10:34:27","date_gmt":"2019-04-01T10:34:27","guid":{"rendered":"https:\/\/www.aguram.org\/aguram\/?p=3672"},"modified":"2019-12-05T13:38:13","modified_gmt":"2019-12-05T13:38:13","slug":"quelles-habitudes-de-mobilite-a-mad-et-moselle","status":"publish","type":"post","link":"https:\/\/www.aguram.org\/aguram\/quelles-habitudes-de-mobilite-a-mad-et-moselle\/","title":{"rendered":"QUELLES HABITUDES DE MOBILIT\u00c9 \u00c0 MAD ET MOSELLE ?"},"content":{"rendered":"\n<p><strong>Le portrait de la <a href=\"https:\/\/www.cc-madetmoselle.fr\/\" target=\"_blank\" rel=\"noreferrer noopener\" aria-label=\"Communaut\u00e9s de communes Mad et Moselle (s\u2019ouvre dans un nouvel onglet)\">Communaut\u00e9s de communes Mad et Moselle<\/a>, r\u00e9alis\u00e9 par l\u2019AGURAM \u00e0 partir des r\u00e9sultats de l\u2019Enqu\u00eate d\u00e9placements grand territoire, montre que les habitants r\u00e9alisent 4 d\u00e9placements journaliers en moyenne. Les loisirs sont le 1<sup>er <\/sup>motif de d\u00e9placement interne. On note \u00e9galement que la marche repr\u00e9sente 50 % des trajets des habitants sur leur territoire.<\/strong><\/p>\n\n\n\n<!--more-->\n\n\n\n<div class=\"wp-block-image\"><figure class=\"aligncenter is-resized\"><img loading=\"lazy\" decoding=\"async\" src=\"https:\/\/www.aguram.org\/wp-content\/uploads\/2019\/10\/Portrait_MetM.jpg\" alt=\"\" class=\"wp-image-3701\" width=\"654\" height=\"395\" srcset=\"https:\/\/www.aguram.org\/wp-content\/uploads\/2019\/10\/Portrait_MetM.jpg 580w, https:\/\/www.aguram.org\/wp-content\/uploads\/2019\/10\/Portrait_MetM-300x181.jpg 300w\" sizes=\"auto, (max-width: 654px) 100vw, 654px\" \/><\/figure><\/div>\n\n\n\n<h4 class=\"wp-block-heading\"><strong>++ INFOS<\/strong><\/h4>\n\n\n\n<p>Ce portrait est issu des r\u00e9sultats de l&rsquo;Enqu\u00eate d\u00e9placements grand territoire (EDGT) lanc\u00e9e par le SCoTAM et Metz M\u00e9tropole en 2016-2017, en s\u2019appuyant sur l\u2019expertise de l&rsquo;AGURAM. Retrouvez les autres portraits de territoire (<a rel=\"noreferrer noopener\" aria-label=\"SCoTAM (s\u2019ouvre dans un nouvel onglet)\" href=\"https:\/\/www.aguram.org\/aguram\/quelles-habitudes-de-mobilite-dans-le-scotam\/\" target=\"_blank\">SCoTAM<\/a>, <a rel=\"noreferrer noopener\" aria-label=\"Metz M\u00e9tropole (s\u2019ouvre dans un nouvel onglet)\" href=\"https:\/\/www.aguram.org\/aguram\/quelles-habitudes-de-mobilite-a-metz-metropole\/ \" target=\"_blank\">Metz M\u00e9tropole<\/a>, <a rel=\"noreferrer noopener\" aria-label=\"Sud messin (s\u2019ouvre dans un nouvel onglet)\" href=\"https:\/\/www.aguram.org\/aguram\/quelles-habitudes-de-mobilite-dans-le-sud-messin\/\" target=\"_blank\">Sud messin<\/a>, <a rel=\"noreferrer noopener\" aria-label=\"Pays Orne-Moselle (s\u2019ouvre dans un nouvel onglet)\" href=\"https:\/\/www.aguram.org\/aguram\/quelles-habitudes-de-mobilite-dans-le-pays-orne-moselle\/\" target=\"_blank\">Pays Orne-Moselle<\/a>, <a rel=\"noreferrer noopener\" aria-label=\"Rives de Moselle (s\u2019ouvre dans un nouvel onglet)\" href=\"https:\/\/www.aguram.org\/aguram\/quelles-habitudes-de-mobilite-dans-les-rives-de-moselle\/ \" target=\"_blank\">Rives de Moselle<\/a>, <a rel=\"noreferrer noopener\" aria-label=\"Houve - Pays Boulageois (s\u2019ouvre dans un nouvel onglet)\" href=\"https:\/\/www.aguram.org\/aguram\/quelles-habitudes-de-mobilite-dans-la-houve-et-le-pays-boulageois\/ \" target=\"_blank\">Houve &#8211; Pays Boulageois<\/a> et <a href=\"https:\/\/www.aguram.org\/aguram\/quelles-habitudes-de-mobilite-a-haut-chemin-pays-de-pange\/ \" target=\"_blank\" rel=\"noreferrer noopener\" aria-label=\"Haut Chemin \u2013 Pays de Pange (s\u2019ouvre dans un nouvel onglet)\">Haut Chemin \u2013 Pays de Pange<\/a>) et les <a rel=\"noreferrer noopener\" aria-label=\"chiffres-cl\u00e9s (s\u2019ouvre dans un nouvel onglet)\" href=\"https:\/\/www.aguram.org\/aguram\/enquete-deplacements-grand-territoire-les-chiffres-cles\/\" target=\"_blank\">chiffres-cl\u00e9s<\/a> dans la rubrique <a href=\"https:\/\/www.aguram.org\/aguram\/publications\/mobilite-deplacements\/\">PUBLICATIONS &gt; MOBILITE<\/a> de ce site ou avec le #EDGT.<\/p>\n","protected":false},"excerpt":{"rendered":"<p>Le portrait de la Communaut\u00e9s de communes Mad et Moselle, r\u00e9alis\u00e9 par l\u2019AGURAM \u00e0 partir des r\u00e9sultats de l\u2019Enqu\u00eate d\u00e9placements grand territoire, montre que les habitants r\u00e9alisent 4 d\u00e9placements journaliers en moyenne. Les loisirs sont le 1er motif de d\u00e9placement interne. On note \u00e9galement que la marche repr\u00e9sente 50 % des trajets des habitants sur [&hellip;]<\/p>\n","protected":false},"author":7,"featured_media":3720,"comment_status":"closed","ping_status":"closed","sticky":false,"template":"","format":"standard","meta":{"footnotes":""},"categories":[1,53,78],"tags":[163,160,168,424,167,458,166,96,31,331,106],"class_list":["post-3672","post","type-post","status-publish","format-standard","has-post-thumbnail","hentry","category-aguram","category-cooperations-territoriales","category-mobilite-deplacements","tag-deplacements","tag-edgt","tag-enquete","tag-enquetedeplacements","tag-mm","tag-mad","tag-mad-et-moselle","tag-metzmetropole","tag-mobilite","tag-pdu","tag-scotam"],"jetpack_featured_media_url":"https:\/\/www.aguram.org\/wp-content\/uploads\/2019\/10\/Portrait_MetM_img-1.jpg","_links":{"self":[{"href":"https:\/\/www.aguram.org\/aguram\/wp-json\/wp\/v2\/posts\/3672","targetHints":{"allow":["GET"]}}],"collection":[{"href":"https:\/\/www.aguram.org\/aguram\/wp-json\/wp\/v2\/posts"}],"about":[{"href":"https:\/\/www.aguram.org\/aguram\/wp-json\/wp\/v2\/types\/post"}],"author":[{"embeddable":true,"href":"https:\/\/www.aguram.org\/aguram\/wp-json\/wp\/v2\/users\/7"}],"replies":[{"embeddable":true,"href":"https:\/\/www.aguram.org\/aguram\/wp-json\/wp\/v2\/comments?post=3672"}],"version-history":[{"count":4,"href":"https:\/\/www.aguram.org\/aguram\/wp-json\/wp\/v2\/posts\/3672\/revisions"}],"predecessor-version":[{"id":3839,"href":"https:\/\/www.aguram.org\/aguram\/wp-json\/wp\/v2\/posts\/3672\/revisions\/3839"}],"wp:featuredmedia":[{"embeddable":true,"href":"https:\/\/www.aguram.org\/aguram\/wp-json\/wp\/v2\/media\/3720"}],"wp:attachment":[{"href":"https:\/\/www.aguram.org\/aguram\/wp-json\/wp\/v2\/media?parent=3672"}],"wp:term":[{"taxonomy":"category","embeddable":true,"href":"https:\/\/www.aguram.org\/aguram\/wp-json\/wp\/v2\/categories?post=3672"},{"taxonomy":"post_tag","embeddable":true,"href":"https:\/\/www.aguram.org\/aguram\/wp-json\/wp\/v2\/tags?post=3672"}],"curies":[{"name":"wp","href":"https:\/\/api.w.org\/{rel}","templated":true}]}}