
{"id":3633,"date":"2019-10-15T14:37:48","date_gmt":"2019-10-15T14:37:48","guid":{"rendered":"https:\/\/www.aguram.org\/aguram\/?p=3633"},"modified":"2019-10-15T14:37:52","modified_gmt":"2019-10-15T14:37:52","slug":"exposcot-a-quoi-ressemblera-notre-cadre-de-vie-en-2032","status":"publish","type":"post","link":"https:\/\/www.aguram.org\/aguram\/exposcot-a-quoi-ressemblera-notre-cadre-de-vie-en-2032\/","title":{"rendered":"EXPO\u2019SCOT : \u00c0 QUOI RESSEMBLERA NOTRE CADRE DE VIE EN 2032 ?"},"content":{"rendered":"\n<p><strong>Que verrons-nous autour de nous dans une dizaine d\u2019ann\u00e9es ? Immeubles, for\u00eats, routes ? Le syndicat mixte du SCoTAM propose de maintenir le cap pour l\u2019avenir du territoire \u00e0 travers son projet de r\u00e9vision du SCoT. Les mots-cl\u00e9s : paysages, cadre de vie, mobilit\u00e9, transition \u00e9cologique et \u00e9nerg\u00e9tique, adaptation au changement climatique. Profitez d\u2019une r\u00e9union publique le 18 octobre pour venir \u00e9changer sur ces orientations et d\u00e9couvrir les panneaux \u00ab\u00a0Objectif 2032\u00a0\u00bb r\u00e9alis\u00e9s par les \u00e9tudiants de l&rsquo;Universit\u00e9 de Lorraine pour l\u2019occasion.<\/strong><\/p>\n\n\n\n<!--more-->\n\n\n\n<p>Le\nSyndicat mixte a lanc\u00e9 sa d\u00e9marche de concertation pr\u00e9alable sur le projet de\nr\u00e9vision du SCoT en f\u00e9vrier. Le dossier de concertation est disponible dans chacune\ndes 7 intercommunalit\u00e9s membres jusqu\u2019\u00e0 l\u2019arr\u00eat du projet, pr\u00e9vu en d\u00e9cembre\n2019. Apr\u00e8s un d\u00e9bat sur les orientations g\u00e9n\u00e9rales du projet (le PADD), des\nmanifestations publiques viennent animer ce calendrier.<\/p>\n\n\n\n<p><strong>Rendez-vous le 18 octobre 2019 \u00e0 17h au centre socioculturel La Louvi\u00e8re de Marly pour d\u00e9couvrir l\u2019exposition et participer aux ateliers d\u2019\u00e9changes co-anim\u00e9s par l\u2019agence d\u2019urbanisme.<\/strong><\/p>\n\n\n\n<div class=\"wp-block-button aligncenter\"><a class=\"wp-block-button__link\" href=\"http:\/\/www.scotam.fr\/fr\/accueil\/accueil69.html\">Infos &amp; inscriptions<\/a><\/div>\n\n\n\n<h4 class=\"wp-block-heading\"><strong>++ INFO<\/strong><\/h4>\n\n\n\n<p>Un Sch\u00e9ma de coh\u00e9rence territoriale est plus qu\u2019un simple document d\u2019urbanisme. Il exprime un projet de territoire qui s\u2019int\u00e9resse au quotidien de tous les habitants : comment trouver un logement adapt\u00e9 \u00e0 ses attentes, comment se d\u00e9placer facilement vers son lieu de travail, de r\u00e9sidence ou de loisirs, comment satisfaire ses besoins d\u2019achats\u00a0dans la proximit\u00e9\u00a0? Celui de l\u2019agglom\u00e9ration messine (SCoTAM) englobe 225 communes et 7 EPCI, sur un vaste territoire de 1\u00a0762 km\u00b2 allant de Boulay-sur-Moselle \u00e0 Thiaucourt, de Moyeuvre-Grande \u00e0 Verny. Il concerne 411\u00a0600 habitants.<\/p>\n\n\n\n<p><strong> \u00c0  t\u00e9l\u00e9charger<\/strong> : les <a href=\"http:\/\/www.scotam.fr\/fr\/s-informer\/\" target=\"_blank\" rel=\"noreferrer noopener\" aria-label=\"pr\u00e9sentations et autres travaux (s\u2019ouvre dans un nouvel onglet)\">pr\u00e9sentations et autres travaux<\/a> li\u00e9s \u00e0 la r\u00e9vision <\/p>\n\n\n\n<p><strong> \u00c0 visionner<\/strong> : la vid\u00e9o <a href=\"http:\/\/www.scotam.fr\/fr\/cest-quoi-le-scotam\" target=\"_blank\" rel=\"noreferrer noopener\" aria-label=\" (s\u2019ouvre dans un nouvel onglet)\">C\u2019est quoi le SCOTAM\u00a0? Fabriquons le territoire de demain<\/a><\/p>\n","protected":false},"excerpt":{"rendered":"<p>Que verrons-nous autour de nous dans une dizaine d\u2019ann\u00e9es ? Immeubles, for\u00eats, routes ? Le syndicat mixte du SCoTAM propose de maintenir le cap pour l\u2019avenir du territoire \u00e0 travers son projet de r\u00e9vision du SCoT. Les mots-cl\u00e9s : paysages, cadre de vie, mobilit\u00e9, transition \u00e9cologique et \u00e9nerg\u00e9tique, adaptation au changement climatique. Profitez d\u2019une r\u00e9union [&hellip;]<\/p>\n","protected":false},"author":7,"featured_media":3634,"comment_status":"closed","ping_status":"closed","sticky":false,"template":"","format":"standard","meta":{"footnotes":""},"categories":[425,45,90,426],"tags":[423,430,295,298,435,421,367,96,296,431,427,299,300,428,106,432,433,434],"class_list":["post-3633","post","type-post","status-publish","format-standard","has-post-thumbnail","hentry","category-grands-territoires-breves-aguram","category-evenement","category-planification","category-scotam","tag-cchcpp","tag-cchpb","tag-ccpom","tag-ccrdm","tag-exposcot","tag-hautchemin","tag-madetmoselle","tag-metzmetropole","tag-pays-orne-moselle","tag-paysboulageois","tag-paysornemoselle","tag-rdm","tag-rives-de-moselle","tag-rivesdemoselle","tag-scotam","tag-sudmessin","tag-universite","tag-universitedelorraine"],"jetpack_featured_media_url":"https:\/\/www.aguram.org\/wp-content\/uploads\/2019\/10\/03.BREVE_SCoTAM_illustration.jpg","_links":{"self":[{"href":"https:\/\/www.aguram.org\/aguram\/wp-json\/wp\/v2\/posts\/3633","targetHints":{"allow":["GET"]}}],"collection":[{"href":"https:\/\/www.aguram.org\/aguram\/wp-json\/wp\/v2\/posts"}],"about":[{"href":"https:\/\/www.aguram.org\/aguram\/wp-json\/wp\/v2\/types\/post"}],"author":[{"embeddable":true,"href":"https:\/\/www.aguram.org\/aguram\/wp-json\/wp\/v2\/users\/7"}],"replies":[{"embeddable":true,"href":"https:\/\/www.aguram.org\/aguram\/wp-json\/wp\/v2\/comments?post=3633"}],"version-history":[{"count":1,"href":"https:\/\/www.aguram.org\/aguram\/wp-json\/wp\/v2\/posts\/3633\/revisions"}],"predecessor-version":[{"id":3635,"href":"https:\/\/www.aguram.org\/aguram\/wp-json\/wp\/v2\/posts\/3633\/revisions\/3635"}],"wp:featuredmedia":[{"embeddable":true,"href":"https:\/\/www.aguram.org\/aguram\/wp-json\/wp\/v2\/media\/3634"}],"wp:attachment":[{"href":"https:\/\/www.aguram.org\/aguram\/wp-json\/wp\/v2\/media?parent=3633"}],"wp:term":[{"taxonomy":"category","embeddable":true,"href":"https:\/\/www.aguram.org\/aguram\/wp-json\/wp\/v2\/categories?post=3633"},{"taxonomy":"post_tag","embeddable":true,"href":"https:\/\/www.aguram.org\/aguram\/wp-json\/wp\/v2\/tags?post=3633"}],"curies":[{"name":"wp","href":"https:\/\/api.w.org\/{rel}","templated":true}]}}