
{"id":3109,"date":"2017-09-01T13:31:45","date_gmt":"2017-09-01T13:31:45","guid":{"rendered":"https:\/\/www.aguram.org\/?p=3109"},"modified":"2019-08-02T12:03:34","modified_gmt":"2019-08-02T12:03:34","slug":"reper-planification-metz-un-coeur-dagglomeration-en-recomposition","status":"publish","type":"post","link":"https:\/\/www.aguram.org\/aguram\/reper-planification-metz-un-coeur-dagglomeration-en-recomposition\/","title":{"rendered":"Rep\u00e8r&rsquo; Planification \/ Metz, un c\u0153ur d\u2019agglom\u00e9ration en recomposition"},"content":{"rendered":"\n<p><strong>Lieu de concentration d\u2019emplois, de patrimoines, d\u2019\u00e9quipements culturels et porteur de nombreux projets, le centre-ville de Metz se caract\u00e9rise par la diversit\u00e9 de ses fonctions et son poids dans l\u2019\u00e9conomie locale. Vitrine de la nouvelle image du territoire messin (Inspire Metz), cet espace poursuit sa recomposition et \u00e9volue progressivement en un c\u0153ur m\u00e9tropolitain rayonnant. Voici une synth\u00e8se pour saisir rapidement les principaux enseignements et enjeux de d\u00e9veloppement de ce territoire.<\/strong><\/p>\n\n\n\n<!--more-->\n\n\n\n<p>La ville de Metz a engag\u00e9 la r\u00e9vision de son PLU en f\u00e9vrier 2017. Cette d\u00e9marche constitue une opportunit\u00e9 pour revisiter le projet de territoire de la commune et conforter son r\u00f4le dans la dynamique de la future m\u00e9tropole.<\/p>\n\n\n\n<p>Charg\u00e9e d\u2019\u00e9laborer le diagnostic territorial, l\u2019AGURAM propose \u00e0 travers plusieurs synth\u00e8ses de saisir rapidement les principaux enseignements et les enjeux de d\u00e9veloppement de ce territoire. <\/p>\n\n\n\n<p>Le premier num\u00e9ro s\u2019int\u00e9resse \u00e0 Metz en tant qu\u2019un c\u0153ur d\u2019agglom\u00e9ration en recomposition et permet de comprendre les enjeux&nbsp;d\u2019attractivit\u00e9 et de proximit\u00e9 li\u00e9e \u00e0 ces \u00e9volutions.<\/p>\n","protected":false},"excerpt":{"rendered":"<p>Lieu de concentration d\u2019emplois, de patrimoines, d\u2019\u00e9quipements culturels et porteur de nombreux projets, le centre-ville de Metz se caract\u00e9rise par la diversit\u00e9 de ses fonctions et son poids dans l\u2019\u00e9conomie locale. Vitrine de la nouvelle image du territoire messin (Inspire Metz), cet espace poursuit sa recomposition et \u00e9volue progressivement en un c\u0153ur m\u00e9tropolitain rayonnant. Voici [&hellip;]<\/p>\n","protected":false},"author":7,"featured_media":3112,"comment_status":"closed","ping_status":"closed","sticky":false,"template":"","format":"standard","meta":{"footnotes":""},"categories":[51,95],"tags":[377,119,96,52,370,159,369,115],"class_list":["post-3109","post","type-post","status-publish","format-standard","has-post-thumbnail","hentry","category-planification-foncier","category-publications","tag-agglomeration","tag-metz","tag-metzmetropole","tag-planification","tag-recomposition","tag-reper","tag-reperplanification","tag-plu"],"jetpack_featured_media_url":"https:\/\/www.aguram.org\/wp-content\/uploads\/2019\/08\/Reper_planification_Metz_coeur_dagglo_en_recomposition.jpg","_links":{"self":[{"href":"https:\/\/www.aguram.org\/aguram\/wp-json\/wp\/v2\/posts\/3109","targetHints":{"allow":["GET"]}}],"collection":[{"href":"https:\/\/www.aguram.org\/aguram\/wp-json\/wp\/v2\/posts"}],"about":[{"href":"https:\/\/www.aguram.org\/aguram\/wp-json\/wp\/v2\/types\/post"}],"author":[{"embeddable":true,"href":"https:\/\/www.aguram.org\/aguram\/wp-json\/wp\/v2\/users\/7"}],"replies":[{"embeddable":true,"href":"https:\/\/www.aguram.org\/aguram\/wp-json\/wp\/v2\/comments?post=3109"}],"version-history":[{"count":4,"href":"https:\/\/www.aguram.org\/aguram\/wp-json\/wp\/v2\/posts\/3109\/revisions"}],"predecessor-version":[{"id":3133,"href":"https:\/\/www.aguram.org\/aguram\/wp-json\/wp\/v2\/posts\/3109\/revisions\/3133"}],"wp:featuredmedia":[{"embeddable":true,"href":"https:\/\/www.aguram.org\/aguram\/wp-json\/wp\/v2\/media\/3112"}],"wp:attachment":[{"href":"https:\/\/www.aguram.org\/aguram\/wp-json\/wp\/v2\/media?parent=3109"}],"wp:term":[{"taxonomy":"category","embeddable":true,"href":"https:\/\/www.aguram.org\/aguram\/wp-json\/wp\/v2\/categories?post=3109"},{"taxonomy":"post_tag","embeddable":true,"href":"https:\/\/www.aguram.org\/aguram\/wp-json\/wp\/v2\/tags?post=3109"}],"curies":[{"name":"wp","href":"https:\/\/api.w.org\/{rel}","templated":true}]}}