
{"id":2625,"date":"2018-10-01T06:44:29","date_gmt":"2018-10-01T06:44:29","guid":{"rendered":"https:\/\/www.aguram.org\/?p=2625"},"modified":"2019-08-02T12:13:55","modified_gmt":"2019-08-02T12:13:55","slug":"habiter-metz-metropole","status":"publish","type":"post","link":"https:\/\/www.aguram.org\/aguram\/habiter-metz-metropole\/","title":{"rendered":"Reper&rsquo; Habitat \/ Habiter Metz M\u00e9tropole"},"content":{"rendered":"\n<p><strong>Ce Rep\u00e8r\u2019Habitat met en lumi\u00e8re les principaux constats et enjeux de l\u2019habitat dans la m\u00e9tropole, issus du diagnostic du Programme Local de l\u2019Habitat, en cours de r\u00e9vision.<\/strong><\/p>\n\n\n\n<!--more-->\n\n\n\n<p>Les d\u00e9fis en mati\u00e8re de politique du logement sur le territoire de Metz M\u00e9tropole sont multiples : encourager le regain d\u2019attractivit\u00e9, r\u00e9pondre aux besoins en logements, attirer de nouveaux m\u00e9nages, favoriser le renouvellement urbain et la mixit\u00e9 sociale, am\u00e9liorer la qualit\u00e9 du b\u00e2ti, assurer une r\u00e9partition \u00e9quilibr\u00e9e et diversifi\u00e9e de l\u2019offre de logements, et assurer un lien avec l\u2019offre de mobilit\u00e9.<\/p>\n\n\n\n<p>Les phases suivantes de l\u2019\u00e9laboration du prochain PLH permettront de d\u00e9velopper les futures grandes orientations de la politique de l\u2019habitat men\u00e9e par la m\u00e9tropole, et de les d\u00e9cliner en un v\u00e9ritable programme d\u2019action, \u00e0 mettre en \u0153uvre pour les six prochaines ann\u00e9es.<\/p>\n","protected":false},"excerpt":{"rendered":"<p>Ce Rep\u00e8r\u2019Habitat met en lumi\u00e8re les principaux constats et enjeux de l\u2019habitat dans la m\u00e9tropole, issus du diagnostic du Programme Local de l\u2019Habitat, en cours de r\u00e9vision.<\/p>\n","protected":false},"author":7,"featured_media":2626,"comment_status":"closed","ping_status":"closed","sticky":false,"template":"","format":"standard","meta":{"footnotes":""},"categories":[50],"tags":[292,177,301,178,303,239,150,119,151,96,304,159,294,293,302],"class_list":["post-2625","post","type-post","status-publish","format-standard","has-post-thumbnail","hentry","category-habitat-societe","tag-demographie","tag-habitat","tag-immobilier","tag-logement","tag-logements","tag-menages","tag-metropole","tag-metz","tag-metz-metropole","tag-metzmetropole","tag-plh","tag-reper","tag-reper-habitat","tag-reperhabitat","tag-vacance"],"jetpack_featured_media_url":"https:\/\/www.aguram.org\/wp-content\/uploads\/2019\/07\/reper-habitat_05_web_Page_01-e1651672185486.jpg","_links":{"self":[{"href":"https:\/\/www.aguram.org\/aguram\/wp-json\/wp\/v2\/posts\/2625","targetHints":{"allow":["GET"]}}],"collection":[{"href":"https:\/\/www.aguram.org\/aguram\/wp-json\/wp\/v2\/posts"}],"about":[{"href":"https:\/\/www.aguram.org\/aguram\/wp-json\/wp\/v2\/types\/post"}],"author":[{"embeddable":true,"href":"https:\/\/www.aguram.org\/aguram\/wp-json\/wp\/v2\/users\/7"}],"replies":[{"embeddable":true,"href":"https:\/\/www.aguram.org\/aguram\/wp-json\/wp\/v2\/comments?post=2625"}],"version-history":[{"count":2,"href":"https:\/\/www.aguram.org\/aguram\/wp-json\/wp\/v2\/posts\/2625\/revisions"}],"predecessor-version":[{"id":2906,"href":"https:\/\/www.aguram.org\/aguram\/wp-json\/wp\/v2\/posts\/2625\/revisions\/2906"}],"wp:featuredmedia":[{"embeddable":true,"href":"https:\/\/www.aguram.org\/aguram\/wp-json\/wp\/v2\/media\/2626"}],"wp:attachment":[{"href":"https:\/\/www.aguram.org\/aguram\/wp-json\/wp\/v2\/media?parent=2625"}],"wp:term":[{"taxonomy":"category","embeddable":true,"href":"https:\/\/www.aguram.org\/aguram\/wp-json\/wp\/v2\/categories?post=2625"},{"taxonomy":"post_tag","embeddable":true,"href":"https:\/\/www.aguram.org\/aguram\/wp-json\/wp\/v2\/tags?post=2625"}],"curies":[{"name":"wp","href":"https:\/\/api.w.org\/{rel}","templated":true}]}}