
{"id":2542,"date":"2014-09-01T14:05:36","date_gmt":"2014-09-01T14:05:36","guid":{"rendered":"https:\/\/www.aguram.org\/?p=2542"},"modified":"2019-08-02T12:16:49","modified_gmt":"2019-08-02T12:16:49","slug":"tableau-de-bord-de-lhabitat-de-la-ca-du-val-de-fensch-2014","status":"publish","type":"post","link":"https:\/\/www.aguram.org\/aguram\/tableau-de-bord-de-lhabitat-de-la-ca-du-val-de-fensch-2014\/","title":{"rendered":"Tableau de bord habitat \/ CA du Val de Fensch &#8211; 2014"},"content":{"rendered":"\n<p><strong>Depui 1968, la population de la CA du Val deFensh d\u00e9cline. Apr\u00e8s avoir perdu 6 % de la population entre 1990 et 199, une phase de stabilisation s&rsquo;est engag\u00e9e avec une baisse de 1,8 % entre 199 et 2006. Depuis 2006, la tendance s&rsquo;inverse : l&rsquo;\u00e9volution d\u00e9mographique est devenue de nouveau positive avec un hausse de 2 % de la population.<\/strong><\/p>\n\n\n\n<!--more-->\n\n\n\n<p><\/p>\n","protected":false},"excerpt":{"rendered":"<p>Depui 1968, la population de la CA du Val deFensh d\u00e9cline. Apr\u00e8s avoir perdu 6 % de la population entre 1990 et 199, une phase de stabilisation s&rsquo;est engag\u00e9e avec une baisse de 1,8 % entre 199 et 2006. Depuis 2006, la tendance s&rsquo;inverse : l&rsquo;\u00e9volution d\u00e9mographique est devenue de nouveau positive avec un hausse [&hellip;]<\/p>\n","protected":false},"author":7,"featured_media":2563,"comment_status":"closed","ping_status":"closed","sticky":false,"template":"","format":"standard","meta":{"footnotes":""},"categories":[50],"tags":[290,292,177,304,210,291,289],"class_list":["post-2542","post","type-post","status-publish","format-standard","has-post-thumbnail","hentry","category-habitat-societe","tag-cavf","tag-demographie","tag-habitat","tag-plh","tag-tableaudebord","tag-val-de-fensch","tag-vdf"],"jetpack_featured_media_url":"https:\/\/www.aguram.org\/wp-content\/uploads\/2019\/07\/VdF_couv_2014_Page_1.jpg","_links":{"self":[{"href":"https:\/\/www.aguram.org\/aguram\/wp-json\/wp\/v2\/posts\/2542","targetHints":{"allow":["GET"]}}],"collection":[{"href":"https:\/\/www.aguram.org\/aguram\/wp-json\/wp\/v2\/posts"}],"about":[{"href":"https:\/\/www.aguram.org\/aguram\/wp-json\/wp\/v2\/types\/post"}],"author":[{"embeddable":true,"href":"https:\/\/www.aguram.org\/aguram\/wp-json\/wp\/v2\/users\/7"}],"replies":[{"embeddable":true,"href":"https:\/\/www.aguram.org\/aguram\/wp-json\/wp\/v2\/comments?post=2542"}],"version-history":[{"count":2,"href":"https:\/\/www.aguram.org\/aguram\/wp-json\/wp\/v2\/posts\/2542\/revisions"}],"predecessor-version":[{"id":2877,"href":"https:\/\/www.aguram.org\/aguram\/wp-json\/wp\/v2\/posts\/2542\/revisions\/2877"}],"wp:featuredmedia":[{"embeddable":true,"href":"https:\/\/www.aguram.org\/aguram\/wp-json\/wp\/v2\/media\/2563"}],"wp:attachment":[{"href":"https:\/\/www.aguram.org\/aguram\/wp-json\/wp\/v2\/media?parent=2542"}],"wp:term":[{"taxonomy":"category","embeddable":true,"href":"https:\/\/www.aguram.org\/aguram\/wp-json\/wp\/v2\/categories?post=2542"},{"taxonomy":"post_tag","embeddable":true,"href":"https:\/\/www.aguram.org\/aguram\/wp-json\/wp\/v2\/tags?post=2542"}],"curies":[{"name":"wp","href":"https:\/\/api.w.org\/{rel}","templated":true}]}}