
{"id":2099,"date":"2018-04-11T09:44:18","date_gmt":"2018-04-11T09:44:18","guid":{"rendered":"https:\/\/www.aguram.org\/?p=2099"},"modified":"2019-07-30T12:22:49","modified_gmt":"2019-07-30T12:22:49","slug":"planification-des-communes-quel-bilan-un-an-apres-le-passage-en-metropole","status":"publish","type":"post","link":"https:\/\/www.aguram.org\/aguram\/planification-des-communes-quel-bilan-un-an-apres-le-passage-en-metropole\/","title":{"rendered":"Planification des communes : quel bilan un an apr\u00e8s le passage en m\u00e9tropole ?"},"content":{"rendered":"\n<p><strong>L\u2019AGURAM a accompagn\u00e9 huit d\u00e9bats de PADD<sup>1<\/sup>, ainsi que deux arr\u00eats et une approbation de PLU<sup>2<\/sup>&nbsp;depuis janvier 2018, par son travail quotidien aux c\u00f4t\u00e9s des \u00e9lus et sa connaissance toujours plus fine du territoire m\u00e9tropolitain dans sa diversit\u00e9. L&rsquo;agence s&rsquo;investit \u00e9galement dans l&rsquo;\u00e9laboration d&rsquo;un Atlas des communes de Metz M\u00e9tropole.<\/strong> <\/p>\n\n\n\n<!--more-->\n\n\n\n<table class=\"wp-block-table is-style-stripes\"><tbody><tr><td><img loading=\"lazy\" decoding=\"async\" width=\"500\" height=\"500\" class=\"wp-image-2100\" style=\"width: 500px;\" src=\"https:\/\/www.aguram.org\/wp-content\/uploads\/2019\/07\/icon_1.jpg\" alt=\"\" srcset=\"https:\/\/www.aguram.org\/wp-content\/uploads\/2019\/07\/icon_1.jpg 152w, https:\/\/www.aguram.org\/wp-content\/uploads\/2019\/07\/icon_1-150x150.jpg 150w\" sizes=\"auto, (max-width: 500px) 100vw, 500px\" \/><\/td><td>8 d\u00e9bats des orientations g\u00e9n\u00e9rales des projets de <br>PADD \u00e0&nbsp;<strong>Amanvillers, Chieulles, Gravelotte, Lessy, M\u00e9cleuves, Plappeville, Roz\u00e9rieulles et Saulny&nbsp;&nbsp;<\/strong> <\/td><\/tr><tr><td><img loading=\"lazy\" decoding=\"async\" width=\"150\" height=\"150\" class=\"wp-image-2102\" style=\"width: 150px;\" src=\"https:\/\/www.aguram.org\/wp-content\/uploads\/2019\/07\/icon_3.jpg\" alt=\"\" srcset=\"https:\/\/www.aguram.org\/wp-content\/uploads\/2019\/07\/icon_3.jpg 152w, https:\/\/www.aguram.org\/wp-content\/uploads\/2019\/07\/icon_3-150x150.jpg 150w\" sizes=\"auto, (max-width: 150px) 100vw, 150px\" \/><\/td><td>2 arr\u00eats de projet des PLU \u00e0&nbsp;<strong>Nouilly et Peltre et 1 approbation \u00e0 Scy-Chazelles<\/strong>&nbsp; <\/td><\/tr><tr><td><img loading=\"lazy\" decoding=\"async\" width=\"150\" height=\"150\" class=\"wp-image-2101\" style=\"width: 150px;\" src=\"https:\/\/www.aguram.org\/wp-content\/uploads\/2019\/07\/icon_2.jpg\" alt=\"\" srcset=\"https:\/\/www.aguram.org\/wp-content\/uploads\/2019\/07\/icon_2.jpg 152w, https:\/\/www.aguram.org\/wp-content\/uploads\/2019\/07\/icon_2-150x150.jpg 150w\" sizes=\"auto, (max-width: 150px) 100vw, 150px\" \/><\/td><td><strong>1 projet d\u2019Atlas des communes de Metz M\u00e9tropole<\/strong>, outild\u2019interconnaissance qui sera mis au service des \u00e9lus et de leurs \u00e9quipes. Il mettra en relief les singularit\u00e9s et compl\u00e9mentarit\u00e9s des territoires qui contribuent \u00e0 un projet commun appel\u00e9 Metz M\u00e9tropole. Un sujet d\u2019actualit\u00e9 avec la prescription du PLUI le 18 mars dernier <\/td><\/tr><\/tbody><\/table>\n\n\n\n<p>Avec le passage en m\u00e9tropole en janvier 2018, la comp\u00e9tence documents d&rsquo;urbanisme a \u00e9t\u00e9 automatiquement transf\u00e9r\u00e9e des communes vers l\u2019intercommunalit\u00e9. L\u2019agence contribue \u00e0 faire avancer la planification dans ce contexte en pleine \u00e9volution et renforce sa collaboration avec les \u00e9quipes techniques et municipales. Elle est aux c\u00f4t\u00e9s de la m\u00e9tropole et de ses communes dans cette transition vers une planification intercommunale. Chaque commune composant le territoire peut ainsi s\u2019exprimer et pr\u00e9server ses singularit\u00e9s, tout en coop\u00e9rant \u00e0 la construction d\u2019un destin commun.<\/p>\n\n\n\n<p><strong>A l\u2019horizon 2020-2021, 33 des 44 communes qui composent la m\u00e9tropole auront red\u00e9fini leur projet de territoire \u00e0 travers un PLU modernis\u00e9 avec l\u2019appui de l\u2019agence.<\/strong><\/p>\n\n\n\n<div class=\"wp-block-button is-style-squared\"><a class=\"wp-block-button__link\" href=\"https:\/\/www.metzmetropole.fr\/habiter-se-deplacer\/plan-local-d-urbanisme-plu\/consulter-les-informations-des-plu-364.html\">En savoir +<\/a><\/div>\n\n\n\n<p><sup>1<\/sup>&nbsp;Projet d&rsquo;am\u00e9nagement et de d\u00e9veloppement durables<br><sup>2<\/sup>&nbsp;Plan Local d&rsquo;Urbanisme\n\n<\/p>\n","protected":false},"excerpt":{"rendered":"<p>L\u2019AGURAM a accompagn\u00e9 huit d\u00e9bats de PADD1, ainsi que deux arr\u00eats et une approbation de PLU2&nbsp;depuis janvier 2018, par son travail quotidien aux c\u00f4t\u00e9s des \u00e9lus et sa connaissance toujours plus fine du territoire m\u00e9tropolitain dans sa diversit\u00e9. L&rsquo;agence s&rsquo;investit \u00e9galement dans l&rsquo;\u00e9laboration d&rsquo;un Atlas des communes de Metz M\u00e9tropole.<\/p>\n","protected":false},"author":7,"featured_media":2221,"comment_status":"closed","ping_status":"closed","sticky":false,"template":"","format":"aside","meta":{"footnotes":""},"categories":[90],"tags":[120,121,132,122,131,123,124,119,96,128,129,52,125,126,127,130,114,115,113],"class_list":["post-2099","post","type-post","status-publish","format-aside","has-post-thumbnail","hentry","category-planification","tag-amanvillers","tag-chieulles","tag-communes","tag-gravelotte","tag-intercommunale","tag-lessy","tag-mecleuves","tag-metz","tag-metzmetropole","tag-nouilly","tag-peltre","tag-planification","tag-plapeville","tag-rozerieulles","tag-saulny","tag-scy-chazelles","tag-padd","tag-plu","tag-plui","post_format-post-format-aside"],"jetpack_featured_media_url":"https:\/\/www.aguram.org\/wp-content\/uploads\/2018\/04\/03._BREVE_Point_planification_communale_illustration.jpg","_links":{"self":[{"href":"https:\/\/www.aguram.org\/aguram\/wp-json\/wp\/v2\/posts\/2099","targetHints":{"allow":["GET"]}}],"collection":[{"href":"https:\/\/www.aguram.org\/aguram\/wp-json\/wp\/v2\/posts"}],"about":[{"href":"https:\/\/www.aguram.org\/aguram\/wp-json\/wp\/v2\/types\/post"}],"author":[{"embeddable":true,"href":"https:\/\/www.aguram.org\/aguram\/wp-json\/wp\/v2\/users\/7"}],"replies":[{"embeddable":true,"href":"https:\/\/www.aguram.org\/aguram\/wp-json\/wp\/v2\/comments?post=2099"}],"version-history":[{"count":54,"href":"https:\/\/www.aguram.org\/aguram\/wp-json\/wp\/v2\/posts\/2099\/revisions"}],"predecessor-version":[{"id":2435,"href":"https:\/\/www.aguram.org\/aguram\/wp-json\/wp\/v2\/posts\/2099\/revisions\/2435"}],"wp:featuredmedia":[{"embeddable":true,"href":"https:\/\/www.aguram.org\/aguram\/wp-json\/wp\/v2\/media\/2221"}],"wp:attachment":[{"href":"https:\/\/www.aguram.org\/aguram\/wp-json\/wp\/v2\/media?parent=2099"}],"wp:term":[{"taxonomy":"category","embeddable":true,"href":"https:\/\/www.aguram.org\/aguram\/wp-json\/wp\/v2\/categories?post=2099"},{"taxonomy":"post_tag","embeddable":true,"href":"https:\/\/www.aguram.org\/aguram\/wp-json\/wp\/v2\/tags?post=2099"}],"curies":[{"name":"wp","href":"https:\/\/api.w.org\/{rel}","templated":true}]}}